{"id":744,"date":"2022-07-08T18:23:39","date_gmt":"2022-07-08T23:23:39","guid":{"rendered":"http:\/\/ilia.uartes.edu.ec\/blog-f-ilia\/?p=744"},"modified":"2022-11-30T14:03:32","modified_gmt":"2022-11-30T19:03:32","slug":"frente-cumbiero-tropicanibalismo-en-la-mitad-del-mundo","status":"publish","type":"post","link":"http:\/\/ilia.uartes.edu.ec\/blog-f-ilia\/2022\/07\/08\/frente-cumbiero-tropicanibalismo-en-la-mitad-del-mundo\/","title":{"rendered":"Frente Cumbiero: \u2018tropicanibalismo\u2019 en la Mitad del Mundo"},"content":{"rendered":"<p>Por Jorge Andr\u00e9 Hern\u00e1ndez<\/p>\n<p>En un jueves no muy santo, el 14 de abril de 2022, el grupo colombiano de m\u00fasica tropical Frente Cumbiero toc\u00f3 en Quito. La banda bogotana agarr\u00f3 su artiller\u00eda y viaj\u00f3 alrededor de 1100 kil\u00f3metros al sur para azotar las baldosas de Soundgarden, en Cumbay\u00e1.<\/p>\n<p>A las once de la noche, en el festival La Santa, se pusieron el uniforme y subieron al escenario despu\u00e9s del m\u00fasico ecuatoriano Machaka. \u201cTropicanibalismo de alta monta\u00f1a\u201d (x3), repiti\u00f3 Mario Galeano, l\u00edder de Frente Cumbiero, imitando las inflexiones de voz de los locutores de la radio popular para colocarle \u201csabooor\u201d, mientras el ritmo aumentaba hasta romperse en una sincronizaci\u00f3n psicod\u00e9lica entre electr\u00f3nica y cumbia.<\/p>\n<p>La presentaci\u00f3n de Frente Cumbiero inici\u00f3 con <em>El m\u00e9todo de la Cera Perdida<\/em>, la sexta canci\u00f3n de su segundo \u00e1lbum de estudio <em>Cera Perdida<\/em> y que le da en parte el nombre al proyecto lanzado en 2020. Por lo que, apenas la gaita empez\u00f3 a sonar, los pies zapatearon y las caderas comenzaron a zigzaguear.<\/p>\n<p>En Quito, la banda conformada por Mario Galeano (sintetizador y guacharaca), Pedro Ojeda (percusi\u00f3n), Marco Fajardo (saxof\u00f3n y clarinete) y Sebasti\u00e1n Rozo (bombardino), mantiene el ritmo que hace vibrar desde el aire del ambiente hasta las m\u00e9dulas de los asistentes. El calor se expande entre los cuerpos y produce el lucimiento de las blusas y camisas de flores de los danzantes, mientras afuera el clima estaba en 10\u00b0C.<\/p>\n<p>El sonido de Frente Cumbiero difiere de las versiones de cumbia que hemos escuchado en las fiestas familiares o en la radio. Como si Joy Division conociera a Lucho Berm\u00fadez: esa es la mezcla sonora entre post punk y cumbia que se produce cuando cuatro bogotanos de clase media en los 90, influenciados por el rock en espa\u00f1ol y anglosaj\u00f3n, toman los ritmos del caribe colombiano para jugar a 2600 metros del nivel del mar, como se observa en el reportaje <em>Ataque Tropical Bogotano<\/em> realizado por Noisey en 2016. Ese es el \u2018tropicanibalismo de alta monta\u00f1a\u2019.<\/p>\n<p>En el concierto que ofrecieron, la banda toc\u00f3 canciones de su \u00faltimo disco, obra compuesta por ocho pistas. En el repertorio de psicodelia tropical apareci\u00f3 <em>Jaley Jaley<\/em>, la segunda canci\u00f3n de la <em>Cera perdida<\/em>. Una melod\u00eda que deja en claro la esencia rockera de la cumbia en la banda, con un riff de guitarra m\u00e1s parecido al de un surf rock que va compaginando entre los ritmos tropicales de la bater\u00eda y la guacharaca.<\/p>\n<p>La cumbia es un g\u00e9nero h\u00edbrido, entre ritmos africanos y armon\u00edas ind\u00edgenas, que evolucion\u00f3 desde la Colonia a tal punto que se export\u00f3 a toda Latinoam\u00e9rica en la d\u00e9cada de los 30. Luego, se convirti\u00f3 en uno de los sonidos emblem\u00e1ticos de la conexi\u00f3n entre cada pa\u00eds latino, desde la cumbia rebajada en M\u00e9xico hasta la cumbia villera en Argentina. La evoluci\u00f3n l\u00f3gica era la fusi\u00f3n entre el g\u00e9nero tropical y la electr\u00f3nica que proponen varias bandas, entre ellas Frente Cumbiero.<\/p>\n<p>El suelo se calienta. Los pies se alzan al \u2018beat\u2019 de la electrocumbia. Sonaba <em>Porrov\u00eda<\/em>, la tercera canci\u00f3n que conforma la <em>Cera Perdida<\/em>. El Porro es un g\u00e9nero tradicional del caribe colombiano, tocado en las fiestas tradicionales, como un primo de la cumbia y el vallenato. Es la cercan\u00eda de Frente Cumbiero a las ra\u00edces tropicales, m\u00e1s all\u00e1 de la influencia de la m\u00fasica global, lo que vuelve tan cercanas a las canciones del grupo.<\/p>\n<p>Esa combinaci\u00f3n entre la tradici\u00f3n del caribe y la influencia de lo urbano manifiesta un parecido al alma de los temas relatados por el escritor colombiano Andr\u00e9s Caicedo. El t\u00e9rmino \u2018tropicanibalismo de alta monta\u00f1a\u2019 se relaciona directamente con el g\u00f3tico tropical de varias de las pel\u00edculas de Caliwood (grupo donde escrib\u00eda Caicedo) y <em>Noche sin fortuna <\/em>(1984), novela de publicaci\u00f3n p\u00f3stuma donde plantea la idea literaria de este terror en el tr\u00f3pico: vampiros, can\u00edbales y palmeras.<\/p>\n<p>Sin embargo, para seguir vinculando al grupo con Caicedo en la relaci\u00f3n entre el rock y el tr\u00f3pico de las canciones de Frente Cumbiero, podemos imaginarnos a la entra\u00f1able \u2018Mona \u2014 personaje de<em> \u00a1Qu\u00e9 viva la m\u00fasica!<\/em> (1977), novela emblema del escritor cale\u00f1o\u2014 bailar en Soundgarden mientras mueve su rubia melena, hipnotizando a los hombres que la rodean y viviendo el hedonismo tropical al m\u00e1ximo.<\/p>\n<p>Aun as\u00ed, el concierto fue en Quito, no en Cali. Entre los sonidos selv\u00e1ticos emitidos en la mitad del p\u00e1ramo, Mario Galeano anunci\u00f3 <em>Motines del tigre<\/em>, \u00faltima canci\u00f3n de la <em>Cera Perdida<\/em>, colaboraci\u00f3n con la banda argentina La Delio Valdez, destacando la internacionalidad del g\u00e9nero en Latinoam\u00e9rica. La cumbia de orquesta, de la que fue precursor Lucho Berm\u00fadez, comenz\u00f3 a salir del sintetizador y el sal\u00f3n se transport\u00f3 a 1930.<\/p>\n<p>En un instante, los asistentes viajaron 90 a\u00f1os cumbieros. <em>Mambonegro Dai Sakusen<\/em>, una cumbia japonesa creada de la sinergia entre Frente Cumbiero y los Minyo Crusaders, grupo japon\u00e9s que mezcla ritmos tropicales, min\u2019yo y jazz. <em>Minyo Cumbiero<\/em> es un EP lanzado en junio de 2020, d\u00e1ndole ritmo a la pandemia.<\/p>\n<p>En un segundo repaso a la colaboraci\u00f3n colombojaponesa, a la noche quite\u00f1a le sigui\u00f3 <em>La cumbia del Monte Fuji<\/em>. Un homenaje nip\u00f3n a la famosa cumbia <em>La Cumbia del Monte<\/em>, creada por el colombiano Pedro Laza y sus Pelayeros en la d\u00e9cada de 1950. En un momento, el sintetizador reprodujo la voz de Meg de los Minyo Crusaders, pero no logra materializarse y se queda eclipsada por la percusi\u00f3n y los vientos.<\/p>\n<p>Mario Galeano, nombrado el hijo de la cumbia por el peri\u00f3dico espa\u00f1ol El Pa\u00eds en el 2013, no solo interpret\u00f3 canciones del Frente. En un momento, decide desviarse del repertorio de la banda y salta un proyecto externo: Ondatr\u00f3pica. Un grupo coproducido con el brit\u00e1nico Quantic en 2012, con el fin de revivir los sonidos caribe\u00f1os pasados y refrescarlos con ritmos nuevos.<\/p>\n<p><em>Punkero Sonidero<\/em> de tropical Ondatr\u00f3pica reson\u00f3 con un pogo en Soundgarden. El mismo nombre te recuerda a las influencias rockeras que confluyen con el sonido del tr\u00f3pico. La \u00fanica canci\u00f3n de esa noche que recuerda al proyecto que toc\u00f3 en el festival Glastonbury en 2013, dejando de lado a las voces de Nidia G\u00f3ngora o de la rapera chilena Ana Tijoux, quienes interpretaron ic\u00f3nicas canciones del primer \u00e1lbum como <em>Suena <\/em>o <em>Dos lucecitas<\/em>.<\/p>\n<p>Un final abrupto. El sonidero termin\u00f3 pero la gente ped\u00eda otra m\u00e1s para bailar. El grupo se devolvi\u00f3, tom\u00f3 sus instrumentos y lanz\u00f3 la \u00faltima canci\u00f3n: <em>Chucusteady<\/em>, la primera pista y la m\u00e1s escuchada de su \u00e1lbum debut <em>Frente Cumbiero Meets Mad Professor<\/em> (2010).<\/p>\n<p>Pero, \u00bfd\u00f3nde est\u00e1 Mad Professor? \u00bfqui\u00e9n es? La voz del m\u00fasico jamaiquino de reggae y dub no aparece en esa canci\u00f3n, como s\u00ed lo hace en <em>Ariwacumb\u00e9<\/em>. As\u00ed como \u00e9l, hubo grandes colaboradores ausentes en su concierto en Quito, pero pudieron salir reproducidos por el sintetizador como la voz de Meg de los Minyo Crusaders en <em>La Cumbia del Monte Fuji<\/em>. Al igual que la voz de Li Saumet (cantante de Bomba Est\u00e9reo) en <em>An\u00e1logica<\/em>, s\u00e9ptima pista del primer \u00e1lbum.<\/p>\n<p>En esa noche de un jueves no tan santo, Frente Cumbiero desat\u00f3 el \u2018tropicanibal\u2019 en cada uno de los asistentes que azotaron las baldosas de Soundgarden al \u2018beat\u2019 electrocumbiero. Una noche de thriller tropical en \u2018La Carita de Dios\u2019.<\/p>\n<p>&nbsp;<\/p>\n<p>&nbsp;<\/p>\n","protected":false},"excerpt":{"rendered":"<p class=\"post-excerpt\">Por Jorge Andr\u00e9 Hern\u00e1ndez En un jueves no muy santo, el 14 de abril de 2022, el grupo colombiano de&#8230;<\/p>\n","protected":false},"author":34,"featured_media":745,"comment_status":"open","ping_status":"open","sticky":false,"template":"","format":"standard","meta":{"_uag_custom_page_level_css":"","_monsterinsights_skip_tracking":false,"_monsterinsights_sitenote_active":false,"_monsterinsights_sitenote_note":"","_monsterinsights_sitenote_category":0,"cybocfi_hide_featured_image":"","footnotes":""},"categories":[18],"tags":[],"class_list":["post-744","post","type-post","status-publish","format-standard","has-post-thumbnail","hentry","category-critica"],"uagb_featured_image_src":{"full":["https:\/\/ilia.uartes.edu.ec\/blog-f-ilia\/wp-content\/uploads\/sites\/22\/2022\/07\/PXL_20220415_053910808-scaled.jpg",2560,1917,false],"thumbnail":["https:\/\/ilia.uartes.edu.ec\/blog-f-ilia\/wp-content\/uploads\/sites\/22\/2022\/07\/PXL_20220415_053910808-150x150.jpg",150,150,true],"medium":["https:\/\/ilia.uartes.edu.ec\/blog-f-ilia\/wp-content\/uploads\/sites\/22\/2022\/07\/PXL_20220415_053910808-300x225.jpg",300,225,true],"medium_large":["https:\/\/ilia.uartes.edu.ec\/blog-f-ilia\/wp-content\/uploads\/sites\/22\/2022\/07\/PXL_20220415_053910808-768x575.jpg",700,524,true],"large":["https:\/\/ilia.uartes.edu.ec\/blog-f-ilia\/wp-content\/uploads\/sites\/22\/2022\/07\/PXL_20220415_053910808-1024x767.jpg",700,524,true],"1536x1536":["https:\/\/ilia.uartes.edu.ec\/blog-f-ilia\/wp-content\/uploads\/sites\/22\/2022\/07\/PXL_20220415_053910808-1536x1150.jpg",1536,1150,true],"2048x2048":["https:\/\/ilia.uartes.edu.ec\/blog-f-ilia\/wp-content\/uploads\/sites\/22\/2022\/07\/PXL_20220415_053910808-2048x1534.jpg",2048,1534,true],"gb-block-post-grid-landscape":["https:\/\/ilia.uartes.edu.ec\/blog-f-ilia\/wp-content\/uploads\/sites\/22\/2022\/07\/PXL_20220415_053910808-scaled.jpg",534,400,false],"gb-block-post-grid-square":["https:\/\/ilia.uartes.edu.ec\/blog-f-ilia\/wp-content\/uploads\/sites\/22\/2022\/07\/PXL_20220415_053910808-scaled.jpg",600,449,false],"post-thumbnail":["https:\/\/ilia.uartes.edu.ec\/blog-f-ilia\/wp-content\/uploads\/sites\/22\/2022\/07\/PXL_20220415_053910808-1140x854.jpg",1140,854,true]},"uagb_author_info":{"display_name":"Fernando Montenegro","author_link":"https:\/\/ilia.uartes.edu.ec\/blog-f-ilia\/author\/fmontenegro\/"},"uagb_comment_info":0,"uagb_excerpt":"Por Jorge Andr\u00e9 Hern\u00e1ndez En un jueves no muy santo, el 14 de abril de 2022, el grupo colombiano de...","featured_image_src":"https:\/\/ilia.uartes.edu.ec\/blog-f-ilia\/wp-content\/uploads\/sites\/22\/2022\/07\/PXL_20220415_053910808-scaled.jpg","featured_image_src_square":"https:\/\/ilia.uartes.edu.ec\/blog-f-ilia\/wp-content\/uploads\/sites\/22\/2022\/07\/PXL_20220415_053910808-scaled.jpg","author_info":{"display_name":"Fernando Montenegro","author_link":"https:\/\/ilia.uartes.edu.ec\/blog-f-ilia\/author\/fmontenegro\/"},"distributor_meta":false,"distributor_terms":false,"distributor_media":false,"distributor_original_site_name":"Blog F-ILIA","distributor_original_site_url":"https:\/\/ilia.uartes.edu.ec\/blog-f-ilia","push-errors":false,"_links":{"self":[{"href":"https:\/\/ilia.uartes.edu.ec\/blog-f-ilia\/wp-json\/wp\/v2\/posts\/744","targetHints":{"allow":["GET"]}}],"collection":[{"href":"https:\/\/ilia.uartes.edu.ec\/blog-f-ilia\/wp-json\/wp\/v2\/posts"}],"about":[{"href":"https:\/\/ilia.uartes.edu.ec\/blog-f-ilia\/wp-json\/wp\/v2\/types\/post"}],"author":[{"embeddable":true,"href":"https:\/\/ilia.uartes.edu.ec\/blog-f-ilia\/wp-json\/wp\/v2\/users\/34"}],"replies":[{"embeddable":true,"href":"https:\/\/ilia.uartes.edu.ec\/blog-f-ilia\/wp-json\/wp\/v2\/comments?post=744"}],"version-history":[{"count":1,"href":"https:\/\/ilia.uartes.edu.ec\/blog-f-ilia\/wp-json\/wp\/v2\/posts\/744\/revisions"}],"predecessor-version":[{"id":746,"href":"https:\/\/ilia.uartes.edu.ec\/blog-f-ilia\/wp-json\/wp\/v2\/posts\/744\/revisions\/746"}],"wp:featuredmedia":[{"embeddable":true,"href":"https:\/\/ilia.uartes.edu.ec\/blog-f-ilia\/wp-json\/wp\/v2\/media\/745"}],"wp:attachment":[{"href":"https:\/\/ilia.uartes.edu.ec\/blog-f-ilia\/wp-json\/wp\/v2\/media?parent=744"}],"wp:term":[{"taxonomy":"category","embeddable":true,"href":"https:\/\/ilia.uartes.edu.ec\/blog-f-ilia\/wp-json\/wp\/v2\/categories?post=744"},{"taxonomy":"post_tag","embeddable":true,"href":"https:\/\/ilia.uartes.edu.ec\/blog-f-ilia\/wp-json\/wp\/v2\/tags?post=744"}],"curies":[{"name":"wp","href":"https:\/\/api.w.org\/{rel}","templated":true}]}}