{"id":535,"date":"2022-04-20T11:23:41","date_gmt":"2022-04-20T16:23:41","guid":{"rendered":"http:\/\/ilia.uartes.edu.ec\/blog-f-ilia\/?p=535"},"modified":"2024-03-14T07:57:09","modified_gmt":"2024-03-14T12:57:09","slug":"sigue-corriendo-anotaciones-sobre-un-proceso-creativo-tercera-fase","status":"publish","type":"post","link":"http:\/\/ilia.uartes.edu.ec\/blog-f-ilia\/2022\/04\/20\/sigue-corriendo-anotaciones-sobre-un-proceso-creativo-tercera-fase\/","title":{"rendered":"sigue Corriendo: anotaciones sobre un proceso creativo (tercera fase)"},"content":{"rendered":"\n<h4 class=\"wp-block-heading\" id=\"talia-falconi\">Tal\u00eda Falcon\u00ed <\/h4>\n\n\n<p>Tal vez esta fue la fase m\u00e1s dif\u00edcil porque signific\u00f3 clasificar, organizar, y lo m\u00e1s complicado: seleccionar las mejores tomas que funcionaran para la edici\u00f3n de imagen y de sonido. Solo despu\u00e9s de haber realizado este arduo trabajo de organizaci\u00f3n empezamos a construir las primeras maquetas con los cortes de edici\u00f3n. Hacia finales del 2019 tuvimos un primer corte de la pel\u00edcula bastante completo y bien logrado, realizado por el estudiante de la escuela de cine Brayan Cadena, bajo la supervisi\u00f3n de Diego Falcon\u00ed.<\/p>\n<p>Tuvimos varias sesiones de trabajo para proponer distintas opciones y discutir acerca del ritmo interno de cada escena, del ritmo general, de los ambientes de cada momento, de los problemas de continuidad, del lugar donde ir\u00eda el t\u00edtulo, de los posibles efectos a incorporar, del color de las im\u00e1genes, de los problemas del audio y por supuesto tambi\u00e9n de la m\u00fasica.<\/p>\n<p>Esta tercera fase del proyecto se extendi\u00f3 mucho m\u00e1s de la cuenta porque la crisis sanitaria nos atraves\u00f3 y nos oblig\u00f3 a trabajar a la distancia. El estudiante de cine Bryan Cadena, adem\u00e1s de la edici\u00f3n asumi\u00f3 tambi\u00e9n la colorizaci\u00f3n, pero al estar alejado de los equipos y de los estudios de la universidad fue un proceso m\u00e1s complejo, pero finalmente se resolvi\u00f3 con mucha solvencia.<\/p>\n<p><strong>La creaci\u00f3n musical<\/strong><\/p>\n<p>En la primera parte de estas Anotaciones me refer\u00ed a la importancia del sonido en este proyecto. La obra en vivo no lleva m\u00fasica, tanto los sonidos emitidos por los bailarines como el pulso que se logr\u00f3 instalar en la corrida, sosten\u00eda el ritmo sonoro y visual de la obra. Sin embargo, para la versi\u00f3n audiovisual sentimos la necesidad -junto con Federico Valdez- de una creaci\u00f3n musical nueva, hecha especialmente para la versi\u00f3n cinematogr\u00e1fica. La m\u00fasica permiti\u00f3 mantener el ritmo y el tono general deseado, y gracias a un delicado tratamiento del sonido, se mejoraron los cambios de planos en los diferentes espacios geogr\u00e1ficos.<\/p>\n<p>La musicalizaci\u00f3n fue la \u00faltima etapa del proyecto, estuvo totalmente a cargo de Federico, quien tambi\u00e9n realiz\u00f3 la edici\u00f3n de audio. En principio, una de las estudiantes de cine era la encargada de realizar este trabajo (especialmente de los audios que presentaban algunos problemas) pero finalmente no lo pudo hacer debido a las dificultades t\u00e9cnicas causadas por la crisis sanitaria.<\/p>\n<p>La banda sonora en la versi\u00f3n audiovisual incorpor\u00f3 los sonidos emitidos por los int\u00e9rpretes manteniendo su protagonismo, y la m\u00fasica, sin duda alguna, realz\u00f3 el componente emocional que est\u00e1 presente en las acciones coreogr\u00e1ficas, repotenciando el lado afectivo de la pel\u00edcula.<\/p>\n<figure id=\"attachment_537\" aria-describedby=\"caption-attachment-537\" style=\"width: 941px\" class=\"wp-caption aligncenter\"><img fetchpriority=\"high\" decoding=\"async\" class=\"size-full wp-image-537\" src=\"http:\/\/ilia.uartes.edu.ec\/blog-f-ilia\/wp-content\/uploads\/sites\/22\/2022\/04\/Falconi-7.jpg\" alt=\"\" width=\"941\" height=\"706\" srcset=\"https:\/\/ilia.uartes.edu.ec\/blog-f-ilia\/wp-content\/uploads\/sites\/22\/2022\/04\/Falconi-7.jpg 941w, https:\/\/ilia.uartes.edu.ec\/blog-f-ilia\/wp-content\/uploads\/sites\/22\/2022\/04\/Falconi-7-300x225.jpg 300w, https:\/\/ilia.uartes.edu.ec\/blog-f-ilia\/wp-content\/uploads\/sites\/22\/2022\/04\/Falconi-7-768x576.jpg 768w, https:\/\/ilia.uartes.edu.ec\/blog-f-ilia\/wp-content\/uploads\/sites\/22\/2022\/04\/Falconi-7-600x450.jpg 600w\" sizes=\"(max-width: 941px) 100vw, 941px\" \/><figcaption id=\"caption-attachment-537\" class=\"wp-caption-text\">Imagen 2: Rodaje de la pel\u00edcula sigue Corriendo<\/figcaption><\/figure>\n<p><strong>Las adaptaciones a la geograf\u00eda<\/strong><\/p>\n<p>Bailar en geograf\u00edas espec\u00edficas y climas extremos fue parte de la experiencia del proceso de rodaje de este proyecto. Un par de escenas, entre ellas, la toma final se film\u00f3 en un lugar hermoso, en el p\u00e1ramo, en el parque nacional del Cajas. La fotograf\u00eda era espectacular: al fondo estaba una laguna y a lo lejos las monta\u00f1as, pero hac\u00eda much\u00edsimo fr\u00edo, y el piso de hierba estaba empapado. Inevitablemente los bailarines se mojaron los zapatos, aparte de que el vestuario estaba conformado por ropa de tela negra muy ligera, muchos de los bailarines ten\u00edan las piernas y brazos desnudos, lo que intensific\u00f3 la experiencia. Adem\u00e1s:<\/p>\n<p>Le sacan lentamente el vestido a una de las bailarinas (Ivanna Ricardo), ella queda en ropa interior, dos de ellos la manipulan suavemente (Leslie V\u00e9liz y Ronny Tabango). Mientras, el resto del grupo gira lentamente el vestido detr\u00e1s de ella. Al terminar de girar la prenda, le vuelven a colocar lentamente el vestido.<\/p>\n<p>Los chicos estaban muertos del fr\u00edo, apenas se anunciaba el \u201c\u00a1CORTEN!\u201d ten\u00edamos las cobijas y los abrigos listos para arroparlos. Esto potenci\u00f3 la \u00faltima escena, en donde ocurren varios encuentros y abrazos entre ellos, e hizo que tuviera un tono un poco m\u00e1s dram\u00e1tico y con mayor urgencia de lo concebido, pues algunas de las int\u00e9rpretes estaban casi literalmente llorando por causa del fr\u00edo intenso.<\/p>\n<p><figure id=\"attachment_538\" aria-describedby=\"caption-attachment-538\" style=\"width: 696px\" class=\"wp-caption aligncenter\"><img decoding=\"async\" class=\" wp-image-538\" src=\"http:\/\/ilia.uartes.edu.ec\/blog-f-ilia\/wp-content\/uploads\/sites\/22\/2022\/04\/Falconi-8.jpg\" alt=\"\" width=\"696\" height=\"522\" srcset=\"https:\/\/ilia.uartes.edu.ec\/blog-f-ilia\/wp-content\/uploads\/sites\/22\/2022\/04\/Falconi-8.jpg 627w, https:\/\/ilia.uartes.edu.ec\/blog-f-ilia\/wp-content\/uploads\/sites\/22\/2022\/04\/Falconi-8-300x225.jpg 300w, https:\/\/ilia.uartes.edu.ec\/blog-f-ilia\/wp-content\/uploads\/sites\/22\/2022\/04\/Falconi-8-600x450.jpg 600w\" sizes=\"(max-width: 696px) 100vw, 696px\" \/><figcaption id=\"caption-attachment-538\" class=\"wp-caption-text\">Imagen 3: Rodaje de la pel\u00edcula sigue Corriendo<\/figcaption><\/figure><br>\n<figure id=\"attachment_539\" aria-describedby=\"caption-attachment-539\" style=\"width: 696px\" class=\"wp-caption aligncenter\"><img decoding=\"async\" class=\" wp-image-539\" src=\"http:\/\/ilia.uartes.edu.ec\/blog-f-ilia\/wp-content\/uploads\/sites\/22\/2022\/04\/Falconi-9.jpg\" alt=\"\" width=\"696\" height=\"522\" srcset=\"https:\/\/ilia.uartes.edu.ec\/blog-f-ilia\/wp-content\/uploads\/sites\/22\/2022\/04\/Falconi-9.jpg 661w, https:\/\/ilia.uartes.edu.ec\/blog-f-ilia\/wp-content\/uploads\/sites\/22\/2022\/04\/Falconi-9-300x225.jpg 300w, https:\/\/ilia.uartes.edu.ec\/blog-f-ilia\/wp-content\/uploads\/sites\/22\/2022\/04\/Falconi-9-600x450.jpg 600w\" sizes=\"(max-width: 696px) 100vw, 696px\" \/><figcaption id=\"caption-attachment-539\" class=\"wp-caption-text\">Imagen 4: Rodaje de la pel\u00edcula sigue Corriendo<\/figcaption><\/figure><br>\n<figure id=\"attachment_540\" aria-describedby=\"caption-attachment-540\" style=\"width: 700px\" class=\"wp-caption aligncenter\"><img loading=\"lazy\" decoding=\"async\" class=\"wp-image-540 size-large\" src=\"http:\/\/ilia.uartes.edu.ec\/blog-f-ilia\/wp-content\/uploads\/sites\/22\/2022\/04\/Falconi-10-1024x576.jpg\" alt=\"\" width=\"700\" height=\"394\" srcset=\"https:\/\/ilia.uartes.edu.ec\/blog-f-ilia\/wp-content\/uploads\/sites\/22\/2022\/04\/Falconi-10-1024x576.jpg 1024w, https:\/\/ilia.uartes.edu.ec\/blog-f-ilia\/wp-content\/uploads\/sites\/22\/2022\/04\/Falconi-10-300x169.jpg 300w, https:\/\/ilia.uartes.edu.ec\/blog-f-ilia\/wp-content\/uploads\/sites\/22\/2022\/04\/Falconi-10-768x432.jpg 768w, https:\/\/ilia.uartes.edu.ec\/blog-f-ilia\/wp-content\/uploads\/sites\/22\/2022\/04\/Falconi-10-600x338.jpg 600w, https:\/\/ilia.uartes.edu.ec\/blog-f-ilia\/wp-content\/uploads\/sites\/22\/2022\/04\/Falconi-10.jpg 1032w\" sizes=\"(max-width: 700px) 100vw, 700px\" \/><figcaption id=\"caption-attachment-540\" class=\"wp-caption-text\">Imagen 5: Rodaje de la pel\u00edcula sigue Corriendo<\/figcaption><\/figure><br>\n<figure id=\"attachment_541\" aria-describedby=\"caption-attachment-541\" style=\"width: 700px\" class=\"wp-caption aligncenter\"><img loading=\"lazy\" decoding=\"async\" class=\"wp-image-541 \" src=\"http:\/\/ilia.uartes.edu.ec\/blog-f-ilia\/wp-content\/uploads\/sites\/22\/2022\/04\/Falconi-11.jpg\" alt=\"\" width=\"700\" height=\"467\" srcset=\"https:\/\/ilia.uartes.edu.ec\/blog-f-ilia\/wp-content\/uploads\/sites\/22\/2022\/04\/Falconi-11.jpg 691w, https:\/\/ilia.uartes.edu.ec\/blog-f-ilia\/wp-content\/uploads\/sites\/22\/2022\/04\/Falconi-11-300x200.jpg 300w, https:\/\/ilia.uartes.edu.ec\/blog-f-ilia\/wp-content\/uploads\/sites\/22\/2022\/04\/Falconi-11-600x400.jpg 600w, https:\/\/ilia.uartes.edu.ec\/blog-f-ilia\/wp-content\/uploads\/sites\/22\/2022\/04\/Falconi-11-272x182.jpg 272w\" sizes=\"(max-width: 700px) 100vw, 700px\" \/><figcaption id=\"caption-attachment-541\" class=\"wp-caption-text\">Imagen 6: Rodaje de la pel\u00edcula sigue Corriendo<\/figcaption><\/figure><\/p>\n<p><strong>El final, mientras cae la neblina<\/strong><\/p>\n<p>La obra coreogr\u00e1fica en vivo termina con el grupo que sale de la misma manera que entra: con ese trote particular que lo identifica, y que el espectador podr\u00eda interpretar como un trote que contin\u00faa infinitamente. Sin embargo, la geograf\u00eda y las condiciones atmosf\u00e9ricas espec\u00edficas del lugar hicieron que el final de la pel\u00edcula se modifique.<\/p>\n<p>Ellos bajan la velocidad del trote paulatinamente, hasta quedar casi imperceptiblemente trotando en el sitio. Finalmente quedan en silencio, de pie con la cabeza ca\u00edda, pesada, y los brazos que cuelgan a los lados. Poco a poco se pierden entre la neblina que los invade&#8230; Hasta que sus cuerpos desaparecen en la niebla. Todo queda en blanco&#8230;<\/p>\n<p>La pel\u00edcula <em>sigue Corriendo<\/em> se estren\u00f3 en junio 2021 dentro del XIX Encuentro Internacional de Danza, <em>Fragmentos de Junio<\/em> en la sala del MUAC en Guayaquil, Ecuador. Hasta la fecha ha sido invitada en:<\/p>\n<p>-XIX Encuentro Internacional de Danza, Fragmentos de Junio. Guayaquil, Ecuador. 2021.<\/p>\n<p>-Encuentro Internacional Manta por la Danza, Ecuador. 2021.<br>-Encuentro ILIA. Universidad de las Artes. Guayaquil, Ecuador. 2021.<br>-Casa de la Cultura. N\u00facleo Guayaquil, Ecuador. 2021.<br>-XXVI Festival de Nuevas Tendencias en Mendoza, Argentina. 2021.<\/p>\n<figure id=\"attachment_542\" aria-describedby=\"caption-attachment-542\" style=\"width: 1063px\" class=\"wp-caption aligncenter\"><img loading=\"lazy\" decoding=\"async\" class=\"size-full wp-image-542\" src=\"http:\/\/ilia.uartes.edu.ec\/blog-f-ilia\/wp-content\/uploads\/sites\/22\/2022\/04\/Falconi-12.jpg\" alt=\"\" width=\"1063\" height=\"598\" srcset=\"https:\/\/ilia.uartes.edu.ec\/blog-f-ilia\/wp-content\/uploads\/sites\/22\/2022\/04\/Falconi-12.jpg 1063w, https:\/\/ilia.uartes.edu.ec\/blog-f-ilia\/wp-content\/uploads\/sites\/22\/2022\/04\/Falconi-12-300x169.jpg 300w, https:\/\/ilia.uartes.edu.ec\/blog-f-ilia\/wp-content\/uploads\/sites\/22\/2022\/04\/Falconi-12-1024x576.jpg 1024w, https:\/\/ilia.uartes.edu.ec\/blog-f-ilia\/wp-content\/uploads\/sites\/22\/2022\/04\/Falconi-12-768x432.jpg 768w, https:\/\/ilia.uartes.edu.ec\/blog-f-ilia\/wp-content\/uploads\/sites\/22\/2022\/04\/Falconi-12-600x338.jpg 600w\" sizes=\"(max-width: 1063px) 100vw, 1063px\" \/><figcaption id=\"caption-attachment-542\" class=\"wp-caption-text\">Imagen 7: Rodaje de la pel\u00edcula sigue Corriendo<\/figcaption><\/figure>\n<p style=\"text-align: center\">***<\/p>\n<p><strong>Cr\u00e9ditos de la pel\u00edcula<\/strong><\/p>\n<p>Direcci\u00f3n y coreograf\u00eda: Tal\u00eda Falconi<\/p>\n<p>Direcci\u00f3n de fotograf\u00eda: Diego Falcon\u00ed<\/p>\n<p>Sonido y m\u00fasica original: Federico Valdez<\/p>\n<p>Edici\u00f3n: Brayan Santiago Cadena Yambay<\/p>\n<p><\/p>\n<p>Int\u00e9rpretes:<\/p>\n<p>Juan Ch\u00e1vez, Ronald Mej\u00eda, Khrystel Ortiz, Jimel Palacios, Ronny Tabango, Ivanna Ricardo,<\/p>\n<p>Leslie Veliz.<\/p>\n<p><\/p>\n<p>Operador c\u00e1mara 1: Brayan Santiago Cadena Yambay<\/p>\n<p>Operador c\u00e1mara 2: Mar\u00eda Emilia Vega Miranda<\/p>\n<p>Operador c\u00e1mara 3: Jonathan Geovanny Mu\u00f1oz Mera<\/p>\n<p>Sonido directo: Andrea Gabriela Portillo Guamialam\u00e1<\/p>\n<p>Asistente de sonido: Sajid Nicolay Agila Aulestia<\/p>\n<p>Coordinador de edici\u00f3n: Diego Falcon\u00ed<\/p>\n<p><a href=\"https:\/\/www.taliafalconi.com\/video-dance.html\">https:\/\/www.taliafalconi.com\/video-dance.html<\/a><\/p>","protected":false},"excerpt":{"rendered":"<p class=\"post-excerpt\">Tal\u00eda Falcon\u00ed Tal vez esta fue la fase m\u00e1s dif\u00edcil porque signific\u00f3 clasificar, organizar, y lo m\u00e1s complicado: seleccionar las&#8230;<\/p>\n","protected":false},"author":34,"featured_media":542,"comment_status":"open","ping_status":"open","sticky":false,"template":"","format":"standard","meta":{"_uag_custom_page_level_css":"","_monsterinsights_skip_tracking":false,"_monsterinsights_sitenote_active":false,"_monsterinsights_sitenote_note":"","_monsterinsights_sitenote_category":0,"cybocfi_hide_featured_image":"","footnotes":""},"categories":[73],"tags":[],"class_list":["post-535","post","type-post","status-publish","format-standard","has-post-thumbnail","hentry","category-archivo"],"uagb_featured_image_src":{"full":["https:\/\/ilia.uartes.edu.ec\/blog-f-ilia\/wp-content\/uploads\/sites\/22\/2022\/04\/Falconi-12.jpg",1063,598,false],"thumbnail":["https:\/\/ilia.uartes.edu.ec\/blog-f-ilia\/wp-content\/uploads\/sites\/22\/2022\/04\/Falconi-12-150x150.jpg",150,150,true],"medium":["https:\/\/ilia.uartes.edu.ec\/blog-f-ilia\/wp-content\/uploads\/sites\/22\/2022\/04\/Falconi-12-300x169.jpg",300,169,true],"medium_large":["https:\/\/ilia.uartes.edu.ec\/blog-f-ilia\/wp-content\/uploads\/sites\/22\/2022\/04\/Falconi-12-768x432.jpg",700,394,true],"large":["https:\/\/ilia.uartes.edu.ec\/blog-f-ilia\/wp-content\/uploads\/sites\/22\/2022\/04\/Falconi-12-1024x576.jpg",700,394,true],"1536x1536":["https:\/\/ilia.uartes.edu.ec\/blog-f-ilia\/wp-content\/uploads\/sites\/22\/2022\/04\/Falconi-12.jpg",1063,598,false],"2048x2048":["https:\/\/ilia.uartes.edu.ec\/blog-f-ilia\/wp-content\/uploads\/sites\/22\/2022\/04\/Falconi-12.jpg",1063,598,false],"gb-block-post-grid-landscape":["https:\/\/ilia.uartes.edu.ec\/blog-f-ilia\/wp-content\/uploads\/sites\/22\/2022\/04\/Falconi-12.jpg",600,338,false],"gb-block-post-grid-square":["https:\/\/ilia.uartes.edu.ec\/blog-f-ilia\/wp-content\/uploads\/sites\/22\/2022\/04\/Falconi-12.jpg",600,338,false],"post-thumbnail":["https:\/\/ilia.uartes.edu.ec\/blog-f-ilia\/wp-content\/uploads\/sites\/22\/2022\/04\/Falconi-12.jpg",1063,598,false]},"uagb_author_info":{"display_name":"Fernando Montenegro","author_link":"https:\/\/ilia.uartes.edu.ec\/blog-f-ilia\/author\/fmontenegro\/"},"uagb_comment_info":0,"uagb_excerpt":"Tal\u00eda Falcon\u00ed Tal vez esta fue la fase m\u00e1s dif\u00edcil porque signific\u00f3 clasificar, organizar, y lo m\u00e1s complicado: seleccionar las...","featured_image_src":"https:\/\/ilia.uartes.edu.ec\/blog-f-ilia\/wp-content\/uploads\/sites\/22\/2022\/04\/Falconi-12.jpg","featured_image_src_square":"https:\/\/ilia.uartes.edu.ec\/blog-f-ilia\/wp-content\/uploads\/sites\/22\/2022\/04\/Falconi-12.jpg","author_info":{"display_name":"Fernando Montenegro","author_link":"https:\/\/ilia.uartes.edu.ec\/blog-f-ilia\/author\/fmontenegro\/"},"distributor_meta":false,"distributor_terms":false,"distributor_media":false,"distributor_original_site_name":"Blog F-ILIA","distributor_original_site_url":"https:\/\/ilia.uartes.edu.ec\/blog-f-ilia","push-errors":false,"_links":{"self":[{"href":"https:\/\/ilia.uartes.edu.ec\/blog-f-ilia\/wp-json\/wp\/v2\/posts\/535","targetHints":{"allow":["GET"]}}],"collection":[{"href":"https:\/\/ilia.uartes.edu.ec\/blog-f-ilia\/wp-json\/wp\/v2\/posts"}],"about":[{"href":"https:\/\/ilia.uartes.edu.ec\/blog-f-ilia\/wp-json\/wp\/v2\/types\/post"}],"author":[{"embeddable":true,"href":"https:\/\/ilia.uartes.edu.ec\/blog-f-ilia\/wp-json\/wp\/v2\/users\/34"}],"replies":[{"embeddable":true,"href":"https:\/\/ilia.uartes.edu.ec\/blog-f-ilia\/wp-json\/wp\/v2\/comments?post=535"}],"version-history":[{"count":3,"href":"https:\/\/ilia.uartes.edu.ec\/blog-f-ilia\/wp-json\/wp\/v2\/posts\/535\/revisions"}],"predecessor-version":[{"id":546,"href":"https:\/\/ilia.uartes.edu.ec\/blog-f-ilia\/wp-json\/wp\/v2\/posts\/535\/revisions\/546"}],"wp:featuredmedia":[{"embeddable":true,"href":"https:\/\/ilia.uartes.edu.ec\/blog-f-ilia\/wp-json\/wp\/v2\/media\/542"}],"wp:attachment":[{"href":"https:\/\/ilia.uartes.edu.ec\/blog-f-ilia\/wp-json\/wp\/v2\/media?parent=535"}],"wp:term":[{"taxonomy":"category","embeddable":true,"href":"https:\/\/ilia.uartes.edu.ec\/blog-f-ilia\/wp-json\/wp\/v2\/categories?post=535"},{"taxonomy":"post_tag","embeddable":true,"href":"https:\/\/ilia.uartes.edu.ec\/blog-f-ilia\/wp-json\/wp\/v2\/tags?post=535"}],"curies":[{"name":"wp","href":"https:\/\/api.w.org\/{rel}","templated":true}]}}