{"id":350,"date":"2022-02-10T16:26:59","date_gmt":"2022-02-10T21:26:59","guid":{"rendered":"http:\/\/ilia.uartes.edu.ec\/blog-f-ilia\/?p=350"},"modified":"2022-11-30T14:05:21","modified_gmt":"2022-11-30T19:05:21","slug":"diario-de-un-viaje-al-oriente-por-santiago-poza","status":"publish","type":"post","link":"http:\/\/ilia.uartes.edu.ec\/blog-f-ilia\/2022\/02\/10\/diario-de-un-viaje-al-oriente-por-santiago-poza\/","title":{"rendered":"Diario de un viaje al Oriente por: Santiago Poza. Parte I"},"content":{"rendered":"<p><em>Santiago<\/em><em>&nbsp;Poza (Guayaquil), fot\u00f3grafo Freelance. Nacido en Espa\u00f1a. Mag\u00edster en Fotograf\u00eda y Sociedad en Am\u00e9rica Latina. Contador de historias. Docente.<\/em><em>&nbsp;<\/em><\/p>\n<p>Sal\u00ed desde Guayaquil, ciudad de privilegiado enclave costero pr\u00f3xima al meridiano 80. El viaje me llev\u00f3 a m\u00e1s de cuatro horas desde Riobamba (Chimborazo) hacia el este, era martes 8 de junio de 2021. Despu\u00e9s de haber pospuesto la que ser\u00eda mi segunda visita al oriente de Ecuador durante meses, por la situaci\u00f3n de emergencia sanitaria actual, y levantadas las restricciones a la movilidad tras un confinamiento prolongado, me embarqu\u00e9 en la aventura de descubrir por m\u00ed mismo y documentar fotogr\u00e1ficamente el r\u00edo Santiago desde su fuente primigenia.<\/p>\n<p>El primer viaje lo hice en el 2018 con la que luego ser\u00eda mi esposa, y elegimos la zona m\u00e1s accesible de la jungla desde la Costa: el centro sur: &nbsp;Puyo y Macas. Ahora el viaje era totalmente personal y pudiera acaso pensarse que egocentrista. Tan solo creo que los top\u00f3nimos y, en general, los nombres propios dicen mucho de y marcan mucho a los lugares o a las personas que los llevan. Este &nbsp;r\u00edo que tiene mi nombre, y que no hay que confundir con aquel otro misterioso y sinuoso curso fluvial ecuatoriano que desemboca en la costa esmeralde\u00f1a, nace &nbsp;como Upano en las vertientes de los Andes centrales. Su curso se adentra luego en la provincia de Morona Santiago donde se une &nbsp;con el Namangoza, rob\u00e1ndole a este el nombre, hasta que algo &nbsp;m\u00e1s al sur, converge &nbsp;&nbsp;con el r\u00edo Zamora y comienza a llamarse r\u00edo Santiago. Atraviesa la frontera sin perder su identidad &nbsp;y, ya en Per\u00fa, confluye &nbsp;cerca de Ja\u00e9n con el r\u00edo Mara\u00f1\u00f3n, que no es sino la antesala del Amazonas, como Orellana bien sab\u00eda cuando lo descubri\u00f3, ya en tierras brasile\u00f1as.<\/p>\n<p>Mi primera parada, tras dejar Guayaquil, fue Riobamba. Desde aqu\u00ed, luego de &nbsp;&nbsp;mi primera noche, decid\u00ed visitar Colta por ser uno de los primeros lugares donde se asentaron los conquistadores. Por la noche, &nbsp;descanso nuevamente en Riobamba. Al d\u00eda siguiente, jueves, tom\u00e9 un bus hacia Cebadas, &nbsp;en la v\u00eda a Macas, &nbsp;que me llev\u00f3 hasta &nbsp;&nbsp;&nbsp;el Ranchito La Posada, donde me baj\u00e9. La idea era recorrer a pie la mayor parte del camino para poder documentar mejor esta suerte de peregrinaje. Un poco m\u00e1s adelante est\u00e1n las lagunas del Atillo. Yo comenc\u00e9 aqu\u00ed mi particular camino de Santiago, tambi\u00e9n a pie, siguiendo la carretera Guamote-Macas para llegar a la laguna Negra y al nacimiento &nbsp;del Upano. Lo que cre\u00ed que ser\u00eda una caminata m\u00e1s corta, se torn\u00f3 en un paseo de casi seis &nbsp;horas. El r\u00edo Upano brota desde la laguna y cruza bajo esa carretera hasta que empieza a descender por el valle que toma su nombre.<\/p>\n<p><img fetchpriority=\"high\" decoding=\"async\" class=\"aligncenter size-large wp-image-351\" src=\"http:\/\/ilia.uartes.edu.ec\/blog-f-ilia\/wp-content\/uploads\/sites\/22\/2022\/02\/MG_0291-1-1024x683.jpg\" alt=\"\" width=\"700\" height=\"467\" srcset=\"https:\/\/ilia.uartes.edu.ec\/blog-f-ilia\/wp-content\/uploads\/sites\/22\/2022\/02\/MG_0291-1-1024x683.jpg 1024w, https:\/\/ilia.uartes.edu.ec\/blog-f-ilia\/wp-content\/uploads\/sites\/22\/2022\/02\/MG_0291-1-300x200.jpg 300w, https:\/\/ilia.uartes.edu.ec\/blog-f-ilia\/wp-content\/uploads\/sites\/22\/2022\/02\/MG_0291-1-768x512.jpg 768w, https:\/\/ilia.uartes.edu.ec\/blog-f-ilia\/wp-content\/uploads\/sites\/22\/2022\/02\/MG_0291-1-600x400.jpg 600w, https:\/\/ilia.uartes.edu.ec\/blog-f-ilia\/wp-content\/uploads\/sites\/22\/2022\/02\/MG_0291-1-1140x760.jpg 1140w, https:\/\/ilia.uartes.edu.ec\/blog-f-ilia\/wp-content\/uploads\/sites\/22\/2022\/02\/MG_0291-1-272x182.jpg 272w, https:\/\/ilia.uartes.edu.ec\/blog-f-ilia\/wp-content\/uploads\/sites\/22\/2022\/02\/MG_0291-1.jpg 1200w\" sizes=\"(max-width: 700px) 100vw, 700px\" \/><\/p>\n<p style=\"text-align: center\"><span style=\"color: #993366\"><em>Flora junto a la laguna Negra.<\/em><\/span><\/p>\n<p>Despu\u00e9s de tanto caminar, agradec\u00ed la amabilidad de los guardas del Parque Nacional Sangay quienes me ahorraron unos 12 kil\u00f3metros al llevarme en su furgoneta. Luego, anduve tres &nbsp;kil\u00f3metros m\u00e1s hasta Zu\u00f1ac, donde &nbsp;&nbsp;&nbsp;al no hallar &nbsp;alojamiento disponible, me vi obligado &nbsp;a pernoctar en Macas: este ser\u00eda mi campamento base desde donde explorar\u00eda la provincia de Morona Santiago. Es realmente dif\u00edcil moverse en un territorio con un turismo escaso, donde faltan establecimientos hoteleros y donde todo gira en torno a una peque\u00f1a capital de provincia en una zona expuesta a los caprichos de las fuerzas de la naturaleza, ya sean derrumbes, crecidas de r\u00edos o movimientos s\u00edsmicos. Macas es una ciudad agradable al pie de la selva, que ha sido descuidada en ciertos aspectos por las autoridades, parad\u00f3jicamente &nbsp;con una terminal de buses que resulta un tanto excesiva para su escasa poblaci\u00f3n.<\/p>\n<p>A la ma\u00f1ana siguiente, me enrumb\u00e9 &nbsp;a Sevilla Don Bosco, pues, la noche anterior, me hab\u00edan hablado de una comunidad shuar que comercia con un restaurante fusi\u00f3n de Macas, donde la gastronom\u00eda de la selva se funde con platos de la cocina internacional. As\u00ed que, una vez all\u00ed, me dirig\u00ed al mercado de comidas shuar. Estaba casi vac\u00edo, acaso &nbsp;&nbsp;porque era un tanto tarde. Me hubiera gustado encontrar un poco m\u00e1s de vida. Tan solo estaban las se\u00f1oras encargadas de cada puesto. El \u00faltimo fue el que eleg\u00ed para almorzar. Mariana, mujer shuar de mediana edad, estaba a cargo. Me ofreci\u00f3 ayampaco de tilapia y eso com\u00ed, acompa\u00f1ado de un vaso caliente de guayusa. El ayampaco es uno de los platos estrella de la selva. Se puede hacer con otros pescados o con carne, normalmente de pollo. Son prote\u00ednas envueltas en una hoja de bijao que se cuecen lentamente al fuego. La yuca es otro de sus ingredientes. Despu\u00e9s de comer, Mariana me cont\u00f3 que <em>la cosa con la pandemia ha estado<\/em><em> \u201cbien jodida\u201d<\/em>. Se lamenta de que el Gobierno, al parecer, no se ha ocupado mucho de reactivar el turismo. Es seguro que la pandemia ha influido mucho en ese sentimiento de olvido por parte del Estado &nbsp;en los moronenses.<\/p>\n<p><img decoding=\"async\" class=\"aligncenter size-large wp-image-352\" src=\"http:\/\/ilia.uartes.edu.ec\/blog-f-ilia\/wp-content\/uploads\/sites\/22\/2022\/02\/MG_0492-1-1024x683.jpg\" alt=\"\" width=\"700\" height=\"467\" srcset=\"https:\/\/ilia.uartes.edu.ec\/blog-f-ilia\/wp-content\/uploads\/sites\/22\/2022\/02\/MG_0492-1-1024x683.jpg 1024w, https:\/\/ilia.uartes.edu.ec\/blog-f-ilia\/wp-content\/uploads\/sites\/22\/2022\/02\/MG_0492-1-300x200.jpg 300w, https:\/\/ilia.uartes.edu.ec\/blog-f-ilia\/wp-content\/uploads\/sites\/22\/2022\/02\/MG_0492-1-768x512.jpg 768w, https:\/\/ilia.uartes.edu.ec\/blog-f-ilia\/wp-content\/uploads\/sites\/22\/2022\/02\/MG_0492-1-600x400.jpg 600w, https:\/\/ilia.uartes.edu.ec\/blog-f-ilia\/wp-content\/uploads\/sites\/22\/2022\/02\/MG_0492-1-1140x760.jpg 1140w, https:\/\/ilia.uartes.edu.ec\/blog-f-ilia\/wp-content\/uploads\/sites\/22\/2022\/02\/MG_0492-1-272x182.jpg 272w, https:\/\/ilia.uartes.edu.ec\/blog-f-ilia\/wp-content\/uploads\/sites\/22\/2022\/02\/MG_0492-1.jpg 1200w\" sizes=\"(max-width: 700px) 100vw, 700px\" \/><\/p>\n<p style=\"text-align: center\"><span style=\"color: #993366\"><em>Lugare\u00f1os de Sevilla Don Bosco.<\/em><\/span><\/p>\n<p>Sevilla es tambi\u00e9n la ciudad de Eddy. \u00c9l tiene un grupo de cumbia que se llama \u201cEddy y sus nenas\u201d. Tiene, adem\u00e1s, una necesidad de contar su historia. Perdi\u00f3 a uno de sus hijos su hijo &nbsp;cuando este estudiaba &nbsp;la universidad en Quito. Eddy hab\u00eda sido abandonado por su esposa y tom\u00f3 a &nbsp;&nbsp;cargo a los dos hijos de esa relaci\u00f3n. &nbsp;S e dedic\u00f3 a cuidar &nbsp;de su hijo &nbsp;los dos a\u00f1os que este pas\u00f3 enfermo. Se traslad\u00f3 para ello a la capital e incluso durmi\u00f3 en la calle porque no ten\u00eda dinero para un hotel. Pero conoci\u00f3 a un grupo evang\u00e9lico que le ayud\u00f3 a salir adelante, pag\u00e1ndole la estancia y d\u00e1ndole una ayuda para alimentaci\u00f3n. Es, entonces, cuando compara la relaci\u00f3n entre las iglesias protestantes y las cat\u00f3licas en cuanto a ayuda social, pues acudi\u00f3 a estas \u00faltimas y le dijeron que no pod\u00edan ayudarlo econ\u00f3micamente. Cierto es que su recelo hacia lo cat\u00f3lico viene de sus vivencias en una ciudad como Sevilla Don Bosco, donde se ha sentido marginado por los hermanos salesianos, quienes, al parecer, vive en un mundo aparte, ocup\u00e1ndose solo de los asuntos de fe de la &nbsp;poblaci\u00f3n. Una poblaci\u00f3n que se ve a s\u00ed misma &nbsp;inferior &nbsp;por el poder econ\u00f3mico de esta comunidad religiosa que tiene a cargo la educaci\u00f3n de los ni\u00f1os , quienes estar\u00edan perdiendo sus ra\u00edces por el celo de los religiosos de &nbsp;que abracen la \u201cnueva\u201d fe y, con ella, la modernidad. Creo que su dedicaci\u00f3n a la m\u00fasica no es sino una necesidad de autoafirmaci\u00f3n que, como shuar, se le ha negado a su comunidad durante siglos, y a \u00e9l en particular por no ser ind\u00edgena puro.<\/p>\n","protected":false},"excerpt":{"rendered":"<p class=\"post-excerpt\">Santiago&nbsp;Poza (Guayaquil), fot\u00f3grafo Freelance. Nacido en Espa\u00f1a. Mag\u00edster en Fotograf\u00eda y Sociedad en Am\u00e9rica Latina. Contador de historias. Docente.&nbsp; Sal\u00ed&#8230;<\/p>\n","protected":false},"author":34,"featured_media":0,"comment_status":"open","ping_status":"open","sticky":false,"template":"","format":"standard","meta":{"_uag_custom_page_level_css":"","_monsterinsights_skip_tracking":false,"_monsterinsights_sitenote_active":false,"_monsterinsights_sitenote_note":"","_monsterinsights_sitenote_category":0,"cybocfi_hide_featured_image":"","footnotes":""},"categories":[17],"tags":[],"class_list":["post-350","post","type-post","status-publish","format-standard","hentry","category-estancias"],"uagb_featured_image_src":{"full":false,"thumbnail":false,"medium":false,"medium_large":false,"large":false,"1536x1536":false,"2048x2048":false,"gb-block-post-grid-landscape":false,"gb-block-post-grid-square":false,"post-thumbnail":false},"uagb_author_info":{"display_name":"Fernando Montenegro","author_link":"https:\/\/ilia.uartes.edu.ec\/blog-f-ilia\/author\/fmontenegro\/"},"uagb_comment_info":0,"uagb_excerpt":"Santiago&nbsp;Poza (Guayaquil), fot\u00f3grafo Freelance. Nacido en Espa\u00f1a. Mag\u00edster en Fotograf\u00eda y Sociedad en Am\u00e9rica Latina. Contador de historias. Docente.&nbsp; Sal\u00ed...","featured_image_src":null,"featured_image_src_square":null,"author_info":{"display_name":"Fernando Montenegro","author_link":"https:\/\/ilia.uartes.edu.ec\/blog-f-ilia\/author\/fmontenegro\/"},"distributor_meta":false,"distributor_terms":false,"distributor_media":false,"distributor_original_site_name":"Blog F-ILIA","distributor_original_site_url":"https:\/\/ilia.uartes.edu.ec\/blog-f-ilia","push-errors":false,"_links":{"self":[{"href":"https:\/\/ilia.uartes.edu.ec\/blog-f-ilia\/wp-json\/wp\/v2\/posts\/350","targetHints":{"allow":["GET"]}}],"collection":[{"href":"https:\/\/ilia.uartes.edu.ec\/blog-f-ilia\/wp-json\/wp\/v2\/posts"}],"about":[{"href":"https:\/\/ilia.uartes.edu.ec\/blog-f-ilia\/wp-json\/wp\/v2\/types\/post"}],"author":[{"embeddable":true,"href":"https:\/\/ilia.uartes.edu.ec\/blog-f-ilia\/wp-json\/wp\/v2\/users\/34"}],"replies":[{"embeddable":true,"href":"https:\/\/ilia.uartes.edu.ec\/blog-f-ilia\/wp-json\/wp\/v2\/comments?post=350"}],"version-history":[{"count":5,"href":"https:\/\/ilia.uartes.edu.ec\/blog-f-ilia\/wp-json\/wp\/v2\/posts\/350\/revisions"}],"predecessor-version":[{"id":361,"href":"https:\/\/ilia.uartes.edu.ec\/blog-f-ilia\/wp-json\/wp\/v2\/posts\/350\/revisions\/361"}],"wp:attachment":[{"href":"https:\/\/ilia.uartes.edu.ec\/blog-f-ilia\/wp-json\/wp\/v2\/media?parent=350"}],"wp:term":[{"taxonomy":"category","embeddable":true,"href":"https:\/\/ilia.uartes.edu.ec\/blog-f-ilia\/wp-json\/wp\/v2\/categories?post=350"},{"taxonomy":"post_tag","embeddable":true,"href":"https:\/\/ilia.uartes.edu.ec\/blog-f-ilia\/wp-json\/wp\/v2\/tags?post=350"}],"curies":[{"name":"wp","href":"https:\/\/api.w.org\/{rel}","templated":true}]}}