{"id":315,"date":"2022-02-03T18:40:15","date_gmt":"2022-02-03T23:40:15","guid":{"rendered":"http:\/\/ilia.uartes.edu.ec\/blog-f-ilia\/?p=315"},"modified":"2022-11-30T14:05:29","modified_gmt":"2022-11-30T19:05:29","slug":"exposicion-avistamiento-de-la-pintura-en-guayaquil","status":"publish","type":"post","link":"http:\/\/ilia.uartes.edu.ec\/blog-f-ilia\/2022\/02\/03\/exposicion-avistamiento-de-la-pintura-en-guayaquil\/","title":{"rendered":"Exposici\u00f3n Avistamiento de la pintura en Guayaquil"},"content":{"rendered":"\n<h4 class=\"wp-block-heading\" id=\"mario-maquilon\">Mario Maquil\u00f3n <\/h4>\n\n\n<p><span data-contrast=\"auto\">Entre los referentes hist\u00f3ricos del arte ecuatoriano destaca como uno de las m\u00e1s reconocibles, tanto a nivel nacional como internacional, la Escuela Quite\u00f1a, corpus de obras del periodo colonial (siglos XVI hasta el XIX) que incluso fue determinante para la Declaraci\u00f3n de Quito como Patrimonio Cultural de La Humanidad, en 1978\u00b9<\/span><span data-contrast=\"auto\">. Al mismo tiempo, resulta al menos conflictivo que este movimiento que lleva el nombre de la capital ecuatoriana (en ese entonces parte de la Real Audiencia de Quito) tenga como principales influencias los estilos pict\u00f3ricos de Europa y como contexto un violento proceso de transculturaci\u00f3n.<\/span><span data-ccp-props=\"{&quot;134233117&quot;:true,&quot;134233118&quot;:true,&quot;201341983&quot;:0,&quot;335551550&quot;:6,&quot;335551620&quot;:6,&quot;335559740&quot;:276}\">\u00a0<\/span><\/p>\n<p><span data-contrast=\"auto\">Llama tambi\u00e9n la atenci\u00f3n que en el a\u00f1o del Bicentenario de la finalizaci\u00f3n del proceso de independencia de Ecuador (1822) a\u00fan no existan de manera formal y ampliamente reconocida movimientos art\u00edsticos, y en particular, pict\u00f3ricos, que en su denominaci\u00f3n incluyan su lugar de origen, como es el caso antes citado. Un ejemplo de lo anterior es Guayaquil, ciudad que a pesar de su importancia en el entramado productivo, econ\u00f3mico y cultural del pa\u00eds, siempre se ha visto desfavorecida en las comparaciones con Quito respecto al campo art\u00edstico.<\/span><span data-ccp-props=\"{&quot;134233117&quot;:true,&quot;134233118&quot;:true,&quot;201341983&quot;:0,&quot;335551550&quot;:6,&quot;335551620&quot;:6,&quot;335559731&quot;:708,&quot;335559740&quot;:276}\">\u00a0<\/span><\/p>\n<p><span data-contrast=\"auto\">As\u00ed, como antecedente al reconocimiento de una \u201cEscuela de Guayaquil\u201d es necesario mencionar al cr\u00edtico de artes pl\u00e1sticas Juan Hadatty Saltos, quien abog\u00f3 por la necesidad de estudiar las manifestaciones art\u00edsticas de la urbe durante el siglo XX. Esta idea tambi\u00e9n ha sido mencionada por pintores como Jorge Velarde<\/span><span data-contrast=\"auto\">\u00b2<\/span><span data-contrast=\"auto\"> y Hern\u00e1n Z\u00fa\u00f1iga<\/span><span data-contrast=\"auto\">\u00b3<\/span><span data-contrast=\"auto\">, quienes se han referido a ese proyecto como un objetivo no alcanzando.\u00a0<\/span><span data-ccp-props=\"{&quot;134233117&quot;:true,&quot;134233118&quot;:true,&quot;201341983&quot;:0,&quot;335551550&quot;:6,&quot;335551620&quot;:6,&quot;335559731&quot;:708,&quot;335559740&quot;:276}\">\u00a0<\/span><\/p>\n<p><span data-contrast=\"auto\">La creaci\u00f3n de la Universidad de las Artes en 2013 puede significar un giro de tuerca frente a esta problem\u00e1tica. A pocos a\u00f1os de cumplir una d\u00e9cada, esta instituci\u00f3n de educaci\u00f3n superior ha representado el acceso gratuito a la instrucci\u00f3n superior enfocada en artes para la poblaci\u00f3n estudiantil del Guayaquil, y del resto del pa\u00eds; al tiempo que ha sumado a su planta docente a varixs pintorxs y artistas de la ciudad. De esta forma, la UArtes se ha convertido en un catalizador de las actividades art\u00edsticas en el puerto principal al reunir a las nuevas y precedentes generaciones en un escenario de educaci\u00f3n formal.\u00a0<\/span><span data-ccp-props=\"{&quot;134233117&quot;:true,&quot;134233118&quot;:true,&quot;201341983&quot;:0,&quot;335551550&quot;:6,&quot;335551620&quot;:6,&quot;335559731&quot;:708,&quot;335559740&quot;:276}\">\u00a0<\/span><\/p>\n<p><span data-contrast=\"auto\">Precisamente, es el componente investigativo de la educaci\u00f3n universitaria donde se ha promovido la intenci\u00f3n por delinear e identificar el panorama de la producci\u00f3n pict\u00f3rica de esta ciudad. As\u00ed surgi\u00f3 la<\/span> <span data-contrast=\"auto\">exposici\u00f3n <\/span><i><span data-contrast=\"auto\">Avistamiento de la pintura en Guayaquil<\/span><\/i><span data-contrast=\"auto\">, constituida como una primera presentaci\u00f3n del proyecto de investigaci\u00f3n \u201cEscuela de Pintura Contempor\u00e1nea de Guayaquil\u201d de la Escuela de Artes Visuales. El grupo est\u00e1 constituido por 10 artistas docentes de la Universidad de las Artes.\u00a0<\/span><span data-ccp-props=\"{&quot;134233117&quot;:true,&quot;134233118&quot;:true,&quot;201341983&quot;:0,&quot;335551550&quot;:6,&quot;335551620&quot;:6,&quot;335559731&quot;:708,&quot;335559740&quot;:276}\">\u00a0<\/span><\/p>\n<p><span data-contrast=\"auto\">La din\u00e1mica de este proyecto estuvo asentada en diez microcuradur\u00edas a cargo de los docentes artistas antes referidos: Saidel\u202fBrito, Jorge Velarde, Xavier Pati\u00f1o, Hern\u00e1n Z\u00fa\u00f1iga, Marco Alvarado, Marcos Restrepo, Joaqu\u00edn Serrano, Juan Caguana, Juan Carlos Fern\u00e1ndez y William Hern\u00e1ndez. En cada caso, estas selecciones estaban constituidas por referentes previos, que en muchos casos fueron sus maestros; y por artistas de generaciones posteriores, varios de los cuales fueron, complementariamente, sus alumnxs.\u00a0<\/span><span data-ccp-props=\"{&quot;134233117&quot;:true,&quot;134233118&quot;:true,&quot;201341983&quot;:0,&quot;335551550&quot;:6,&quot;335551620&quot;:6,&quot;335559731&quot;:708,&quot;335559740&quot;:276}\">\u00a0<\/span><\/p>\n<p><span data-contrast=\"auto\">En total, la exposici\u00f3n reuni\u00f3 a 29 artistas y m\u00e1s de 50 obras provenientes de colecciones privadas y p\u00fablicas, entre ellas las que se encuentran en el Museo Antropol\u00f3gico y de Arte Contempor\u00e1neo (MAAC) y la Casa de la Cultura, N\u00facleo del Guayas (CCE). La curadur\u00eda estuvo a cargo de Lupe \u00c1lvarez, Saidel Brito y Ana Rosa Valdez.\u00a0 La inauguraci\u00f3n tuvo lugar el 1 de octubre, a las 12h00, en la Galer\u00eda CIF de MZ14 Centro de Producci\u00f3n e Innovaci\u00f3n de la Universidad de las Artes, y en el marco del VI Encuentro Internacional de Investigaci\u00f3n en Artes; estuvo abierta hasta el 30 de noviembre.<\/span><\/p>\n<h6 style=\"text-align: right\" data-wp-editing=\"1\"><img fetchpriority=\"high\" decoding=\"async\" class=\"size-large wp-image-310 aligncenter\" src=\"http:\/\/ilia.uartes.edu.ec\/blog-f-ilia\/wp-content\/uploads\/sites\/22\/2022\/02\/Avistamiento-1-1024x683.jpg\" alt=\"\" width=\"700\" height=\"467\" srcset=\"https:\/\/ilia.uartes.edu.ec\/blog-f-ilia\/wp-content\/uploads\/sites\/22\/2022\/02\/Avistamiento-1-1024x683.jpg 1024w, https:\/\/ilia.uartes.edu.ec\/blog-f-ilia\/wp-content\/uploads\/sites\/22\/2022\/02\/Avistamiento-1-300x200.jpg 300w, https:\/\/ilia.uartes.edu.ec\/blog-f-ilia\/wp-content\/uploads\/sites\/22\/2022\/02\/Avistamiento-1-768x512.jpg 768w, https:\/\/ilia.uartes.edu.ec\/blog-f-ilia\/wp-content\/uploads\/sites\/22\/2022\/02\/Avistamiento-1-1536x1024.jpg 1536w, https:\/\/ilia.uartes.edu.ec\/blog-f-ilia\/wp-content\/uploads\/sites\/22\/2022\/02\/Avistamiento-1-2048x1365.jpg 2048w, https:\/\/ilia.uartes.edu.ec\/blog-f-ilia\/wp-content\/uploads\/sites\/22\/2022\/02\/Avistamiento-1-600x400.jpg 600w, https:\/\/ilia.uartes.edu.ec\/blog-f-ilia\/wp-content\/uploads\/sites\/22\/2022\/02\/Avistamiento-1-1140x760.jpg 1140w, https:\/\/ilia.uartes.edu.ec\/blog-f-ilia\/wp-content\/uploads\/sites\/22\/2022\/02\/Avistamiento-1-272x182.jpg 272w\" sizes=\"(max-width: 700px) 100vw, 700px\" \/><\/h6>\n<h6 style=\"text-align: center\" data-wp-editing=\"1\"><span style=\"color: #ff00ff\"><em>\u00a0Inauguraci\u00f3n de la exposici\u00f3n Avistamiento de la pintura en Guayaquil en el Centro de Innovaci\u00f3n y Producci\u00f3n Mz. 14 de la Universidad de las Artes el 1 de octubre de 2021, en el marco del VI Encuentro Internacional de Investigaci\u00f3n en Artes<\/em><\/span><\/h6>\n<p>\u00a0<\/p>\n<p><b><span data-contrast=\"none\">La convergencia intergeneracional de la ense\u00f1anza en artes<\/span><\/b><span data-ccp-props=\"{&quot;134233117&quot;:true,&quot;134233118&quot;:true,&quot;201341983&quot;:0,&quot;335551550&quot;:6,&quot;335551620&quot;:6,&quot;335559740&quot;:276}\">\u00a0<\/span><\/p>\n<p><span data-contrast=\"auto\">Las circunstancias espec\u00edficas de la g\u00e9nesis de esta muestra hacen que la docencia sea uno de sus pilares fundamentales, por el papel pedag\u00f3gico que desempe\u00f1an los artistas que realizaron las microcuradur\u00edas. Es as\u00ed como durante unas entrevistas realizadas por el Instituto Latinoamericano de Investigaci\u00f3n en Artes (ILIA) y la Direcci\u00f3n de Comunicaci\u00f3n de la Universidad de las Artes en d\u00edas previos a la inauguraci\u00f3n de la exposici\u00f3n, los maestros y pintores compartieron el significado de esta experiencia en sus talleres personales de creaci\u00f3n.<\/span><span data-ccp-props=\"{&quot;134233117&quot;:true,&quot;134233118&quot;:true,&quot;201341983&quot;:0,&quot;335551550&quot;:6,&quot;335551620&quot;:6,&quot;335559740&quot;:276}\">\u00a0<\/span><\/p>\n<p><span data-contrast=\"auto\">El primer aspecto que destacan es el encuentro intergeneracional y las posibilidades de aprendizaje qu<\/span><span data-contrast=\"auto\">e ofrece la ense\u00f1anza, no solo para lxs estudiantes como es evidente, sino tambi\u00e9n para lxs docentes, que entran en contacto con nuevas formas de hacer y crear, y con las corrientes e influencias que marcan a la juventud. Esto se traduce en la actualizaci\u00f3n y generaci\u00f3n constante de nuevos modelos de pensamiento, como expres\u00f3 Marco Alvarado; o en el conocimiento que se halla en las formas en que lxs alumnxs resuelven sus propias encrucijadas pict\u00f3ricas, acorde a lo comentado por Juan Carlos Fern\u00e1ndez.<\/span><span data-ccp-props=\"{&quot;134233117&quot;:true,&quot;134233118&quot;:true,&quot;201341983&quot;:0,&quot;335551550&quot;:6,&quot;335551620&quot;:6,&quot;335559731&quot;:708,&quot;335559740&quot;:276}\">\u00a0<\/span><\/p>\n<p><span data-contrast=\"auto\">A su vez, la pr\u00e1ctica art\u00edstica de cada uno de estos docentes se erige como un punto de acercamiento hacia su alumnado. Por una parte, William Hern\u00e1ndez apunt\u00f3 que su experiencia en las artes visuales le ha permitido generar cercan\u00eda con sus estudiantes durante las clases, en tanto la comunicaci\u00f3n se da desde lenguajes y vivencias similares; mientras que Joaqu\u00edn Serrano precis\u00f3 que su formaci\u00f3n como artista ha estado estrechamente ligada a su formaci\u00f3n como profesor en artes, ya que a medida que ense\u00f1aba tambi\u00e9n generaba nuevos aprendizajes a partir de las experiencias con sus disc\u00edpulos.\u00a0<\/span><span data-ccp-props=\"{&quot;134233117&quot;:true,&quot;134233118&quot;:true,&quot;201341983&quot;:0,&quot;335551550&quot;:6,&quot;335551620&quot;:6,&quot;335559731&quot;:708,&quot;335559740&quot;:276}\">\u00a0<\/span><\/p>\n<p><span data-contrast=\"auto\">Para Hern\u00e1n Z\u00fa\u00f1iga, las acciones de producir y ense\u00f1ar pertenecen al mismo bloque cognitivo, afirmaci\u00f3n con la que se refuerza la relaci\u00f3n intr\u00ednseca hasta ahora expuesta entre estas actividades. Esto se ve ejemplificado en Jorge Velarde, quien coment\u00f3 que replica la misma sencillez de sus procesos creativos\u00a0<\/span> <span data-contrast=\"auto\">en sus din\u00e1micas pedag\u00f3gicas, adem\u00e1s de que en varias de sus clases realiza \u00e9l tambi\u00e9n las actividades que fueron asignadas al estudiantado. Z\u00fa\u00f1iga a\u00f1adi\u00f3 sobre esto que la excelencia de la educaci\u00f3n en artes se alcanza cuando quien ense\u00f1a es artista.\u00a0<\/span><span data-ccp-props=\"{&quot;134233117&quot;:true,&quot;134233118&quot;:true,&quot;201341983&quot;:0,&quot;335551550&quot;:6,&quot;335551620&quot;:6,&quot;335559731&quot;:708,&quot;335559740&quot;:276}\">\u00a0<\/span><\/p>\n<h6 style=\"text-align: right\"><img decoding=\"async\" class=\"size-large wp-image-311\" src=\"http:\/\/ilia.uartes.edu.ec\/blog-f-ilia\/wp-content\/uploads\/sites\/22\/2022\/02\/Avistamiento-2-1024x723.jpg\" alt=\"\" width=\"700\" height=\"494\" srcset=\"https:\/\/ilia.uartes.edu.ec\/blog-f-ilia\/wp-content\/uploads\/sites\/22\/2022\/02\/Avistamiento-2-1024x723.jpg 1024w, https:\/\/ilia.uartes.edu.ec\/blog-f-ilia\/wp-content\/uploads\/sites\/22\/2022\/02\/Avistamiento-2-300x212.jpg 300w, https:\/\/ilia.uartes.edu.ec\/blog-f-ilia\/wp-content\/uploads\/sites\/22\/2022\/02\/Avistamiento-2-768x543.jpg 768w, https:\/\/ilia.uartes.edu.ec\/blog-f-ilia\/wp-content\/uploads\/sites\/22\/2022\/02\/Avistamiento-2-1536x1085.jpg 1536w, https:\/\/ilia.uartes.edu.ec\/blog-f-ilia\/wp-content\/uploads\/sites\/22\/2022\/02\/Avistamiento-2-2048x1447.jpg 2048w, https:\/\/ilia.uartes.edu.ec\/blog-f-ilia\/wp-content\/uploads\/sites\/22\/2022\/02\/Avistamiento-2-1140x805.jpg 1140w, https:\/\/ilia.uartes.edu.ec\/blog-f-ilia\/wp-content\/uploads\/sites\/22\/2022\/02\/Avistamiento-2-600x424.jpg 600w\" sizes=\"(max-width: 700px) 100vw, 700px\" \/><\/h6>\n<h6 style=\"text-align: center\"><span style=\"color: #ff00ff\">Conversatorio Proyecto \u201cEscuela de Pintura Contempor\u00e1nea de Guayaquil\u201d, suscitado el 4 de octubre en el marco del VI Encuentro Internacional de Investigaci\u00f3n en Artes<\/span><\/h6>\n<p>\u00a0<\/p>\n<p><b><span data-contrast=\"none\">La investigaci\u00f3n en b\u00fasqueda de nuevos territorios<\/span><\/b><span data-ccp-props=\"{&quot;134233117&quot;:true,&quot;134233118&quot;:true,&quot;201341983&quot;:0,&quot;335551550&quot;:6,&quot;335551620&quot;:6,&quot;335559740&quot;:276}\">\u00a0<\/span><\/p>\n<p><span data-ccp-props=\"{&quot;134233117&quot;:true,&quot;134233118&quot;:true,&quot;201341983&quot;:0,&quot;335551550&quot;:6,&quot;335551620&quot;:6,&quot;335559740&quot;:276}\">\u00a0<\/span><span data-contrast=\"auto\">De la misma manera en que la praxis art\u00edstica se complementa a trav\u00e9s de la docencia, la investigaci\u00f3n se articula a esta estructura como una actitud natural de la creaci\u00f3n. En este sentido, para Marco Alvarado la generaci\u00f3n de ideas es un proceso que puede ocurrir en cualquier instante, por ejemplo, en momentos de ocio y cotidianidad. Sobre esto coincidi\u00f3 Xavier Pati\u00f1o, quien considera que sus inicios en la investigaci\u00f3n se dieron de forma innata y autodidacta, a trav\u00e9s de la experiencia y del m\u00e9todo de ensayo error, adem\u00e1s de la docencia.\u00a0<\/span><span data-ccp-props=\"{&quot;134233117&quot;:true,&quot;134233118&quot;:true,&quot;201341983&quot;:0,&quot;335551550&quot;:6,&quot;335551620&quot;:6,&quot;335559740&quot;:276}\">\u00a0<\/span><\/p>\n<p><span data-ccp-props=\"{&quot;134233117&quot;:true,&quot;134233118&quot;:true,&quot;201341983&quot;:0,&quot;335551550&quot;:6,&quot;335551620&quot;:6,&quot;335559731&quot;:708,&quot;335559740&quot;:276}\">\u00a0<\/span><span data-contrast=\"auto\">Saidel Brito, artista y educador, profundiz\u00f3 este aspecto de su trabajo al delinear la pr\u00e1ctica art\u00edstica como una acci\u00f3n de investigaci\u00f3n permanente, en la que adem\u00e1s de explorar nuevas tem\u00e1ticas tambi\u00e9n se indaga en nuevos recursos y medios, y en la posibilidad de alcanzar nuevas posibilidades para la pintura. En base a esto, Brito a\u00f1adi\u00f3 que toda experiencia vital, sensorial, intelectual o personal puede incorporarse al proceso creativo, manifestando as\u00ed la capacidad del arte para establecer conexiones entre elementos que aparentemente no tienen relaci\u00f3n.\u00a0<\/span><span data-ccp-props=\"{&quot;201341983&quot;:0,&quot;335551550&quot;:6,&quot;335551620&quot;:6,&quot;335559731&quot;:708,&quot;335559739&quot;:160,&quot;335559740&quot;:276}\">\u00a0<\/span><\/p>\n<p><span data-contrast=\"auto\">Por esto Brito considera que la divisi\u00f3n entre investigaci\u00f3n, creaci\u00f3n y docencia es difusa, y que en ello radica el encanto de la ense\u00f1anza en artes, en la que el di\u00e1logo constante con generaciones j\u00f3venes genera una din\u00e1mica de enriquecimiento colectivo. Juan Caguana, quien fue alumno de Brito, apunta que este escenario permite el encuentro entre la producci\u00f3n pasada y la contempor\u00e1nea, al tiempo que diversifica la escena art\u00edstica de los a\u00f1os venideros.<\/span><span data-ccp-props=\"{&quot;201341983&quot;:0,&quot;335551550&quot;:6,&quot;335551620&quot;:6,&quot;335559731&quot;:708,&quot;335559739&quot;:160,&quot;335559740&quot;:276}\">\u00a0<\/span><\/p>\n<p><span data-contrast=\"auto\">Lo expresado por Caguana pudo constatarse de forma metatextual en el proyecto de investigaci\u00f3n de la \u201cEscuela de Pintura Contempor\u00e1nea de Guayaquil\u201d y la exposici\u00f3n <\/span><i><span data-contrast=\"auto\">Avistamiento de la pintura en Guayaquil<\/span><\/i><span data-contrast=\"auto\">, en tanto dej\u00f3 en evidencia la minoritaria presencia de obras de autoras mujeres en la selecci\u00f3n final de obras (2 de 29), y su nula representaci\u00f3n entre los 10 artistas docentes que realizaron las microcuradur\u00edas.\u00a0<\/span><span data-ccp-props=\"{&quot;201341983&quot;:0,&quot;335551550&quot;:6,&quot;335551620&quot;:6,&quot;335559731&quot;:708,&quot;335559739&quot;:160,&quot;335559740&quot;:276}\">\u00a0<\/span><\/p>\n<p><span data-contrast=\"auto\">As\u00ed, los discursos de la contemporaneidad que apuntan la superaci\u00f3n de la nefasta herencia del patriarcado en las artes y en la sociedad establecieron un di\u00e1logo con esta exploraci\u00f3n de la pintura guayaquile\u00f1a de la segunda mitad del siglo XX en el debate <\/span><i><span data-contrast=\"auto\">G\u00e9nero, institucionalidad y mercado<\/span><\/i><span data-contrast=\"auto\">, que tambi\u00e9n se realiz\u00f3 dentro del VI Encuentro de Investigaci\u00f3n en Artes, en las mismas instalaciones (MZ. 14) en las que se encontraba la exposici\u00f3n, y con varios de los miembros de equipo curatorial.\u00a0<\/span><span data-ccp-props=\"{&quot;201341983&quot;:0,&quot;335551550&quot;:6,&quot;335551620&quot;:6,&quot;335559731&quot;:708,&quot;335559739&quot;:160,&quot;335559740&quot;:276}\">\u00a0<\/span><\/p>\n<p><span data-contrast=\"auto\">El trabajo del grupo de investigaci\u00f3n, junto a la exposici\u00f3n y el posterior debate muestran la capacidad del trabajo conjunto entre la academia y lxs artistas en pos no solo de la creaci\u00f3n y consolidaci\u00f3n de una escena art\u00edstica, sino tambi\u00e9n de su cuestio<\/span><span data-contrast=\"auto\">namiento y an\u00e1lisis cr\u00edtico en funci\u00f3n de su contexto y de las necesidades colectivas. Con este trabajo se deja tambi\u00e9n un precedente significativo respecto a la capacidad integradora de la investigaci\u00f3n en el campo de las artes, y del poderoso engranaje en el que puede constituirse junto a la creaci\u00f3n y la ense\u00f1anza.\u00a0<\/span><span data-ccp-props=\"{&quot;201341983&quot;:0,&quot;335551550&quot;:6,&quot;335551620&quot;:6,&quot;335559731&quot;:708,&quot;335559739&quot;:160,&quot;335559740&quot;:276}\">\u00a0<\/span><\/p>\n<h6 style=\"text-align: right\"><img decoding=\"async\" class=\"size-large wp-image-312\" src=\"http:\/\/ilia.uartes.edu.ec\/blog-f-ilia\/wp-content\/uploads\/sites\/22\/2022\/02\/Avistamiento-3-1024x683.jpg\" alt=\"\" width=\"700\" height=\"467\" srcset=\"https:\/\/ilia.uartes.edu.ec\/blog-f-ilia\/wp-content\/uploads\/sites\/22\/2022\/02\/Avistamiento-3-1024x683.jpg 1024w, https:\/\/ilia.uartes.edu.ec\/blog-f-ilia\/wp-content\/uploads\/sites\/22\/2022\/02\/Avistamiento-3-300x200.jpg 300w, https:\/\/ilia.uartes.edu.ec\/blog-f-ilia\/wp-content\/uploads\/sites\/22\/2022\/02\/Avistamiento-3-768x512.jpg 768w, https:\/\/ilia.uartes.edu.ec\/blog-f-ilia\/wp-content\/uploads\/sites\/22\/2022\/02\/Avistamiento-3-1536x1024.jpg 1536w, https:\/\/ilia.uartes.edu.ec\/blog-f-ilia\/wp-content\/uploads\/sites\/22\/2022\/02\/Avistamiento-3-2048x1365.jpg 2048w, https:\/\/ilia.uartes.edu.ec\/blog-f-ilia\/wp-content\/uploads\/sites\/22\/2022\/02\/Avistamiento-3-600x400.jpg 600w, https:\/\/ilia.uartes.edu.ec\/blog-f-ilia\/wp-content\/uploads\/sites\/22\/2022\/02\/Avistamiento-3-1140x760.jpg 1140w, https:\/\/ilia.uartes.edu.ec\/blog-f-ilia\/wp-content\/uploads\/sites\/22\/2022\/02\/Avistamiento-3-272x182.jpg 272w\" sizes=\"(max-width: 700px) 100vw, 700px\" \/><\/h6>\n<pre style=\"text-align: center\"><span style=\"color: #ff00ff\">Exposici\u00f3n Avistamiento de la pintura en Guayaquil<\/span><\/pre>\n<p>\u00a0<\/p>\n<p><strong>Notas<\/strong><\/p>\n<p><span class=\"TextRun BlobObject DragDrop SCXW235144047 BCX0\" lang=\"ES-EC\" xml:lang=\"ES-EC\" data-contrast=\"auto\"><span class=\"Superscript SCXW235144047 BCX0\" data-fontsize=\"10\">\u00b9<\/span><\/span><span class=\"TextRun SCXW235144047 BCX0\" lang=\"ES-EC\" xml:lang=\"ES-EC\" data-contrast=\"auto\"><span class=\"NormalTextRun SCXW235144047 BCX0\" data-ccp-parastyle=\"footnote text\">\u00a0Daniela Egas,\u00a0<\/span><\/span><span class=\"TextRun SCXW235144047 BCX0\" lang=\"ES-MX\" xml:lang=\"ES-MX\" data-contrast=\"auto\"><span class=\"NormalTextRun SCXW235144047 BCX0\" data-ccp-parastyle=\"footnote text\">Iconograf\u00eda y Pintura: Cruce entre imagen y texto<\/span><\/span><span class=\"TextRun SCXW235144047 BCX0\" lang=\"ES-MX\" xml:lang=\"ES-MX\" data-contrast=\"auto\"><span class=\"NormalTextRun SCXW235144047 BCX0\" data-ccp-parastyle=\"footnote text\">, (Quito: PUCE, 2016)<\/span><span class=\"NormalTextRun SCXW235144047 BCX0\" data-ccp-parastyle=\"footnote text\">,<\/span><span class=\"NormalTextRun SCXW235144047 BCX0\" data-ccp-parastyle=\"footnote text\"> 6. <\/span><\/span><\/p>\n<p><span class=\"EOP SCXW235144047 BCX0\" data-ccp-props=\"{&quot;201341983&quot;:0,&quot;335559739&quot;:0,&quot;335559740&quot;:240}\"><span class=\"TextRun SCXW139648344 BCX0\" lang=\"ES-EC\" xml:lang=\"ES-EC\" data-contrast=\"auto\"><span class=\"NormalTextRun SCXW139648344 BCX0\" data-ccp-parastyle=\"footnote text\"> \u00b2 <\/span><span class=\"NormalTextRun SCXW139648344 BCX0\" data-ccp-parastyle=\"footnote text\">\u00ab<\/span><span class=\"NormalTextRun SCXW139648344 BCX0\" data-ccp-parastyle=\"footnote text\">Velarde ha llegado a especular que este movimiento<\/span><span class=\"NormalTextRun SCXW139648344 BCX0\" data-ccp-parastyle=\"footnote text\">\u00a0[refiri\u00e9ndose a la\u00a0<\/span><span class=\"NormalTextRun SpellingErrorV2 SCXW139648344 BCX0\" data-ccp-parastyle=\"footnote text\">Artefactor\u00eda<\/span><span class=\"NormalTextRun SCXW139648344 BCX0\" data-ccp-parastyle=\"footnote text\">]<\/span><span class=\"NormalTextRun SCXW139648344 BCX0\" data-ccp-parastyle=\"footnote text\">, de haberse sostenido en el tiempo y legitimado su val\u00eda, hubiese derivado en una genuina e influyente \u201cEscuela de Guayaquil\u201d<\/span><span class=\"NormalTextRun SCXW139648344 BCX0\" data-ccp-parastyle=\"footnote text\">\u00bb<\/span><span class=\"NormalTextRun SCXW139648344 BCX0\" data-ccp-parastyle=\"footnote text\">.<\/span><span class=\"NormalTextRun SCXW139648344 BCX0\" data-ccp-parastyle=\"footnote text\">\u00a0Rodolfo\u00a0<\/span><span class=\"NormalTextRun SpellingErrorV2 SCXW139648344 BCX0\" data-ccp-parastyle=\"footnote text\">Kronfle<\/span><span class=\"NormalTextRun SCXW139648344 BCX0\" data-ccp-parastyle=\"footnote text\">,\u00a0<\/span><span class=\"NormalTextRun SCXW139648344 BCX0\" data-ccp-parastyle=\"footnote text\">\u00ab<\/span><\/span><span class=\"TextRun SCXW139648344 BCX0\" lang=\"ES-ES\" xml:lang=\"ES-ES\" data-contrast=\"auto\"><span class=\"NormalTextRun SCXW139648344 BCX0\" data-ccp-parastyle=\"footnote text\">M\u00e1s vale renunciar: Pedro D\u00e1vila en los ochenta<\/span><span class=\"NormalTextRun SCXW139648344 BCX0\" data-ccp-parastyle=\"footnote text\">\u00bb,<\/span><span class=\"NormalTextRun SCXW139648344 BCX0\" data-ccp-parastyle=\"footnote text\">\u00a0<\/span><\/span><span class=\"TextRun SCXW139648344 BCX0\" lang=\"ES-ES\" xml:lang=\"ES-ES\" data-contrast=\"auto\"><span class=\"NormalTextRun SCXW139648344 BCX0\" data-ccp-parastyle=\"footnote text\">Paralaje<\/span><span class=\"NormalTextRun SCXW139648344 BCX0\" data-ccp-parastyle=\"footnote text\">\u00a0<\/span><\/span><span class=\"TextRun SCXW139648344 BCX0\" lang=\"ES-ES\" xml:lang=\"ES-ES\" data-contrast=\"auto\"><span class=\"NormalTextRun SCXW139648344 BCX0\" data-ccp-parastyle=\"footnote text\">(2018)<\/span><span class=\"NormalTextRun SCXW139648344 BCX0\" data-ccp-parastyle=\"footnote text\">.<\/span><\/span><span class=\"EOP SCXW139648344 BCX0\" data-ccp-props=\"{&quot;201341983&quot;:0,&quot;335559739&quot;:0,&quot;335559740&quot;:240}\">\u00a0<\/span><\/span><\/p>\n<p><span class=\"EOP SCXW235144047 BCX0\" data-ccp-props=\"{&quot;201341983&quot;:0,&quot;335559739&quot;:0,&quot;335559740&quot;:240}\"><span class=\"TextRun SCXW144953116 BCX0\" lang=\"ES-EC\" xml:lang=\"ES-EC\" data-contrast=\"auto\"><span class=\"NormalTextRun SCXW144953116 BCX0\" data-ccp-parastyle=\"footnote text\"> \u00b3 <\/span><span class=\"NormalTextRun SCXW144953116 BCX0\" data-ccp-parastyle=\"footnote text\">\u00ab\u201c<\/span><\/span><span class=\"TextRun SCXW144953116 BCX0\" lang=\"ES-MX\" xml:lang=\"ES-MX\" data-contrast=\"auto\"><span class=\"NormalTextRun SCXW144953116 BCX0\" data-ccp-parastyle=\"footnote text\">Incluir a hombres y mujeres que hayan tenido un rol protag\u00f3nico en el desarrollo de lo que llamamos una pretendida escuela de Guayaquil\u201d, concluye Z\u00fa\u00f1iga\u00bb. Juan Ponce,\u00a0<\/span><span class=\"NormalTextRun SCXW144953116 BCX0\" data-ccp-parastyle=\"footnote text\">\u00abUna vista del Bicentenario\u00bb,\u00a0<\/span><\/span><span class=\"TextRun SCXW144953116 BCX0\" lang=\"ES-MX\" xml:lang=\"ES-MX\" data-contrast=\"auto\"><span class=\"NormalTextRun SCXW144953116 BCX0\" data-ccp-parastyle=\"footnote text\">Diario Expreso<\/span><\/span><span class=\"TextRun SCXW144953116 BCX0\" lang=\"ES-MX\" xml:lang=\"ES-MX\" data-contrast=\"auto\"><span class=\"NormalTextRun SCXW144953116 BCX0\" data-ccp-parastyle=\"footnote text\">\u00a0(2020).<\/span><\/span><span class=\"EOP SCXW144953116 BCX0\" data-ccp-props=\"{&quot;201341983&quot;:0,&quot;335559739&quot;:0,&quot;335559740&quot;:240}\">\u00a0<\/span>\u00a0<\/span><\/p>\n<p>\u00a0<\/p>\n<p><strong><span aria-label=\"P\u00e1rrafo de control de contenido de texto enriquecido\">Bibliograf\u00eda<\/span>\u00a0<\/strong><\/p>\n<p><span aria-label=\"P\u00e1rrafo de control de contenido de texto enriquecido\"><span data-contrast=\"auto\">Egas, D. (2016). Iconograf\u00eda y Pintura: cruce entre imagen y texto. En <\/span><i><span data-contrast=\"auto\">Tesis de Licenciatura.<\/span><\/i><span data-contrast=\"auto\"> Quito: Pontifica Universidad Cat\u00f3lica del Ecuador. Obtenido de http:\/\/repositorio.puce.edu.ec\/bitstream\/handle\/22000\/12042\/Iconograf%C3%ADa%20y%20Pintura%20Cruce%20entre%20imagen%20y%20texto%20pdf.pdf?sequence=1&amp;isAllowed=y<\/span><\/span><span data-ccp-props=\"{&quot;201341983&quot;:0,&quot;335559685&quot;:720,&quot;335559739&quot;:160,&quot;335559740&quot;:240,&quot;335559991&quot;:720}\">\u00a0<\/span><\/p>\n<p><span aria-label=\"P\u00e1rrafo de control de contenido de texto enriquecido\"><span data-contrast=\"auto\">Hadatty, Y. (2014). Adios a Juan Hadatty saltos. <\/span><i><span data-contrast=\"auto\">Archipi\u00e9lago<\/span><\/i><span data-contrast=\"auto\">(84), 56. Obtenido de https:\/\/go.gale.com\/ps\/i.do?p=IFME&amp;u=googlescholar&amp;id=GALE|A378680695&amp;v=2.1&amp;it=r&amp;sid=IFME&amp;asid=5af74a3c<\/span><\/span><span data-ccp-props=\"{&quot;201341983&quot;:0,&quot;335559685&quot;:720,&quot;335559739&quot;:160,&quot;335559740&quot;:240,&quot;335559991&quot;:720}\">\u00a0<\/span><\/p>\n<p><span aria-label=\"P\u00e1rrafo de control de contenido de texto enriquecido\"><span data-contrast=\"auto\">Kronfle, R. (2018). M\u00e1s vale renunciar: Pedro D\u00e1vila en los ochenta. <\/span><i><span data-contrast=\"auto\">Paralaje<\/span><\/i><span data-contrast=\"auto\">. Obtenido de http:\/\/www.paralaje.xyz\/mas-vale-renunciar-pedro-davila-en-los-ochenta\/<\/span><\/span><span data-ccp-props=\"{&quot;201341983&quot;:0,&quot;335559685&quot;:720,&quot;335559739&quot;:160,&quot;335559740&quot;:240,&quot;335559991&quot;:720}\">\u00a0<\/span><\/p>\n<p><span aria-label=\"P\u00e1rrafo de control de contenido de texto enriquecido\"><span data-contrast=\"auto\">Ponce, J. (19 de febrero de 2020). Una vista previa del Bicentenario. <\/span><i><span data-contrast=\"auto\">Diario Expreso<\/span><\/i><span data-contrast=\"auto\">. Obtenido de https:\/\/www.pressreader.com\/ecuador\/diario-expreso\/20200219\/282480005814406<\/span><\/span><span data-ccp-props=\"{&quot;201341983&quot;:0,&quot;335559685&quot;:720,&quot;335559739&quot;:160,&quot;335559740&quot;:240,&quot;335559991&quot;:720}\">\u00a0<\/span><\/p>\n<p>\u00a0<\/p>","protected":false},"excerpt":{"rendered":"<p class=\"post-excerpt\">Mario Maquil\u00f3n Entre los referentes hist\u00f3ricos del arte ecuatoriano destaca como uno de las m\u00e1s reconocibles, tanto a nivel nacional&#8230;<\/p>\n","protected":false},"author":34,"featured_media":313,"comment_status":"open","ping_status":"open","sticky":false,"template":"","format":"standard","meta":{"_uag_custom_page_level_css":"","_monsterinsights_skip_tracking":false,"_monsterinsights_sitenote_active":false,"_monsterinsights_sitenote_note":"","_monsterinsights_sitenote_category":0,"cybocfi_hide_featured_image":"","footnotes":""},"categories":[18],"tags":[33,32,34],"class_list":["post-315","post","type-post","status-publish","format-standard","has-post-thumbnail","hentry","category-critica","tag-artes-visuales","tag-critica","tag-mario-maquilon"],"uagb_featured_image_src":{"full":["https:\/\/ilia.uartes.edu.ec\/blog-f-ilia\/wp-content\/uploads\/sites\/22\/2022\/02\/Encabezado-1.png",4000,2250,false],"thumbnail":["https:\/\/ilia.uartes.edu.ec\/blog-f-ilia\/wp-content\/uploads\/sites\/22\/2022\/02\/Encabezado-1-150x150.png",150,150,true],"medium":["https:\/\/ilia.uartes.edu.ec\/blog-f-ilia\/wp-content\/uploads\/sites\/22\/2022\/02\/Encabezado-1-300x169.png",300,169,true],"medium_large":["https:\/\/ilia.uartes.edu.ec\/blog-f-ilia\/wp-content\/uploads\/sites\/22\/2022\/02\/Encabezado-1-768x432.png",700,394,true],"large":["https:\/\/ilia.uartes.edu.ec\/blog-f-ilia\/wp-content\/uploads\/sites\/22\/2022\/02\/Encabezado-1-1024x576.png",700,394,true],"1536x1536":["https:\/\/ilia.uartes.edu.ec\/blog-f-ilia\/wp-content\/uploads\/sites\/22\/2022\/02\/Encabezado-1-1536x864.png",1536,864,true],"2048x2048":["https:\/\/ilia.uartes.edu.ec\/blog-f-ilia\/wp-content\/uploads\/sites\/22\/2022\/02\/Encabezado-1-2048x1152.png",2048,1152,true],"gb-block-post-grid-landscape":["https:\/\/ilia.uartes.edu.ec\/blog-f-ilia\/wp-content\/uploads\/sites\/22\/2022\/02\/Encabezado-1.png",600,338,false],"gb-block-post-grid-square":["https:\/\/ilia.uartes.edu.ec\/blog-f-ilia\/wp-content\/uploads\/sites\/22\/2022\/02\/Encabezado-1.png",600,338,false],"post-thumbnail":["https:\/\/ilia.uartes.edu.ec\/blog-f-ilia\/wp-content\/uploads\/sites\/22\/2022\/02\/Encabezado-1-1140x641.png",1140,641,true]},"uagb_author_info":{"display_name":"Fernando Montenegro","author_link":"https:\/\/ilia.uartes.edu.ec\/blog-f-ilia\/author\/fmontenegro\/"},"uagb_comment_info":0,"uagb_excerpt":"Mario Maquil\u00f3n Entre los referentes hist\u00f3ricos del arte ecuatoriano destaca como uno de las m\u00e1s reconocibles, tanto a nivel nacional...","featured_image_src":"https:\/\/ilia.uartes.edu.ec\/blog-f-ilia\/wp-content\/uploads\/sites\/22\/2022\/02\/Encabezado-1.png","featured_image_src_square":"https:\/\/ilia.uartes.edu.ec\/blog-f-ilia\/wp-content\/uploads\/sites\/22\/2022\/02\/Encabezado-1.png","author_info":{"display_name":"Fernando Montenegro","author_link":"https:\/\/ilia.uartes.edu.ec\/blog-f-ilia\/author\/fmontenegro\/"},"distributor_meta":false,"distributor_terms":false,"distributor_media":false,"distributor_original_site_name":"Blog F-ILIA","distributor_original_site_url":"https:\/\/ilia.uartes.edu.ec\/blog-f-ilia","push-errors":false,"_links":{"self":[{"href":"https:\/\/ilia.uartes.edu.ec\/blog-f-ilia\/wp-json\/wp\/v2\/posts\/315","targetHints":{"allow":["GET"]}}],"collection":[{"href":"https:\/\/ilia.uartes.edu.ec\/blog-f-ilia\/wp-json\/wp\/v2\/posts"}],"about":[{"href":"https:\/\/ilia.uartes.edu.ec\/blog-f-ilia\/wp-json\/wp\/v2\/types\/post"}],"author":[{"embeddable":true,"href":"https:\/\/ilia.uartes.edu.ec\/blog-f-ilia\/wp-json\/wp\/v2\/users\/34"}],"replies":[{"embeddable":true,"href":"https:\/\/ilia.uartes.edu.ec\/blog-f-ilia\/wp-json\/wp\/v2\/comments?post=315"}],"version-history":[{"count":11,"href":"https:\/\/ilia.uartes.edu.ec\/blog-f-ilia\/wp-json\/wp\/v2\/posts\/315\/revisions"}],"predecessor-version":[{"id":334,"href":"https:\/\/ilia.uartes.edu.ec\/blog-f-ilia\/wp-json\/wp\/v2\/posts\/315\/revisions\/334"}],"wp:featuredmedia":[{"embeddable":true,"href":"https:\/\/ilia.uartes.edu.ec\/blog-f-ilia\/wp-json\/wp\/v2\/media\/313"}],"wp:attachment":[{"href":"https:\/\/ilia.uartes.edu.ec\/blog-f-ilia\/wp-json\/wp\/v2\/media?parent=315"}],"wp:term":[{"taxonomy":"category","embeddable":true,"href":"https:\/\/ilia.uartes.edu.ec\/blog-f-ilia\/wp-json\/wp\/v2\/categories?post=315"},{"taxonomy":"post_tag","embeddable":true,"href":"https:\/\/ilia.uartes.edu.ec\/blog-f-ilia\/wp-json\/wp\/v2\/tags?post=315"}],"curies":[{"name":"wp","href":"https:\/\/api.w.org\/{rel}","templated":true}]}}