{"id":108,"date":"2021-12-02T00:08:46","date_gmt":"2021-12-02T05:08:46","guid":{"rendered":"http:\/\/ilia.uartes.edu.ec\/blog-f-ilia\/?p=108"},"modified":"2022-11-30T14:13:04","modified_gmt":"2022-11-30T19:13:04","slug":"ventana-abierta-diario-de-compositor","status":"publish","type":"post","link":"http:\/\/ilia.uartes.edu.ec\/blog-f-ilia\/2021\/12\/02\/ventana-abierta\/","title":{"rendered":"Ventana abierta &#8211; Diario de compositor"},"content":{"rendered":"\n<h4 class=\"wp-block-heading\" id=\"juan-arroyo\">Juan Arroyo<\/h4>\n\n\n\n<p class=\"has-text-align-right\">Paris, mi\u00e9rcoles 18 de agosto del 2021<\/p>\n\n\n\n<p>Fernando Montenegro me ha enviado un mensaje. Me propone escribir una bit\u00e1cora para un blog donde va ir compartiendo la experiencia creativa de diversos artistas. Debo admitir que esta idea me intimida un poco, pero a la vez la encuentro curiosa y desafiante. Muchas veces cuando escribo m\u00fasica tengo la sensaci\u00f3n de estar perdido en un limbo, desconectado totalmente de la realidad. Mientras voy asociando ideas musicales me sucede que me encuentro con personas que me hablan o saludan y que escucho como si sus voces tuvieran eco, mensajes que llegan y esquivo con la mirada, almuerzos que terminan siendo cenas, el caf\u00e9 que se congela de esperarme sobre la mesa, el cumplea\u00f1os atrasado de un amigo que con pena sigo postergando por ganar unos minutos de escritura. Un sin fin de detalles que circundan mi cotidianidad, que se van almacenando en alguna parte de mi cabeza y de los cuales solo termino de percatarme cuando regreso de mi viaje mental. Siempre me he preguntado si todo ello tiene alguna repercusi\u00f3n en lo que escribo.<\/p>\n\n\n\n<p>Una vez, durante una reuni\u00f3n con mi banquera dej\u00e9 mi cuerpo sentado en la silla de su oficina y me fui de viaje. Estaba demasiado sumergido en la escritura de una nueva pieza y mi imaginaci\u00f3n no dejaba de generar m\u00fasica. La se\u00f1orita del banco me atendi\u00f3 muy amablemente y pas\u00f3 una media hora explic\u00e1ndome pacientemente porque deber\u00eda abrir una cuenta de vida en su banco. Comenz\u00f3 el discurso de venta habl\u00e1ndome de la alta rentabilidad de la cuenta, de la tasa de crecimiento a largo plazo, de prever antes que lamentar. Finalmente habl\u00f3 de los beneficiarios de mis ahorros en caso yo muriese. Fue en este preciso momento que mi viaje se interrumpi\u00f3 abruptamente, volv\u00ed a la realidad en un aterrizaje forzoso en la silla de su oficina y pregunt\u00e9: \u00ab\u00bfY qu\u00e9 pasa si no me muero?\u00bb Debo confesar que no solo ella estaba desconcertada por mi pregunta, yo tambi\u00e9n. \u00a1Tremendo aterrizaje mental!<\/p>\n\n\n\n<p>Tartamudeando, con los ojos bastante abiertos y alzando los hombros a la altura de las orejas me respondi\u00f3: \u00abLamentablemente no hemos previsto una eventualidad como esa y tendr\u00e9 que preguntar a mi jefe\u00bb.<\/p>\n","protected":false},"excerpt":{"rendered":"<p class=\"post-excerpt\">Juan Arroyo Paris, mi\u00e9rcoles 18 de agosto del 2021 Fernando Montenegro me ha enviado un mensaje. Me propone escribir una&#8230;<\/p>\n","protected":false},"author":34,"featured_media":109,"comment_status":"open","ping_status":"open","sticky":false,"template":"","format":"standard","meta":{"_uag_custom_page_level_css":"","_monsterinsights_skip_tracking":false,"_monsterinsights_sitenote_active":false,"_monsterinsights_sitenote_note":"","_monsterinsights_sitenote_category":0,"cybocfi_hide_featured_image":"","footnotes":""},"categories":[17],"tags":[26],"class_list":["post-108","post","type-post","status-publish","format-standard","has-post-thumbnail","hentry","category-estancias","tag-juan-arroyo"],"uagb_featured_image_src":{"full":["https:\/\/ilia.uartes.edu.ec\/blog-f-ilia\/wp-content\/uploads\/sites\/22\/2021\/11\/Imagen-1-3.jpeg",768,1024,false],"thumbnail":["https:\/\/ilia.uartes.edu.ec\/blog-f-ilia\/wp-content\/uploads\/sites\/22\/2021\/11\/Imagen-1-3-150x150.jpeg",150,150,true],"medium":["https:\/\/ilia.uartes.edu.ec\/blog-f-ilia\/wp-content\/uploads\/sites\/22\/2021\/11\/Imagen-1-3-225x300.jpeg",225,300,true],"medium_large":["https:\/\/ilia.uartes.edu.ec\/blog-f-ilia\/wp-content\/uploads\/sites\/22\/2021\/11\/Imagen-1-3.jpeg",700,933,false],"large":["https:\/\/ilia.uartes.edu.ec\/blog-f-ilia\/wp-content\/uploads\/sites\/22\/2021\/11\/Imagen-1-3.jpeg",700,933,false],"1536x1536":["https:\/\/ilia.uartes.edu.ec\/blog-f-ilia\/wp-content\/uploads\/sites\/22\/2021\/11\/Imagen-1-3.jpeg",768,1024,false],"2048x2048":["https:\/\/ilia.uartes.edu.ec\/blog-f-ilia\/wp-content\/uploads\/sites\/22\/2021\/11\/Imagen-1-3.jpeg",768,1024,false],"gb-block-post-grid-landscape":["https:\/\/ilia.uartes.edu.ec\/blog-f-ilia\/wp-content\/uploads\/sites\/22\/2021\/11\/Imagen-1-3.jpeg",300,400,false],"gb-block-post-grid-square":["https:\/\/ilia.uartes.edu.ec\/blog-f-ilia\/wp-content\/uploads\/sites\/22\/2021\/11\/Imagen-1-3.jpeg",450,600,false],"post-thumbnail":["https:\/\/ilia.uartes.edu.ec\/blog-f-ilia\/wp-content\/uploads\/sites\/22\/2021\/11\/Imagen-1-3.jpeg",768,1024,false]},"uagb_author_info":{"display_name":"Fernando Montenegro","author_link":"https:\/\/ilia.uartes.edu.ec\/blog-f-ilia\/author\/fmontenegro\/"},"uagb_comment_info":0,"uagb_excerpt":"Juan Arroyo Paris, mi\u00e9rcoles 18 de agosto del 2021 Fernando Montenegro me ha enviado un mensaje. Me propone escribir una...","featured_image_src":"https:\/\/ilia.uartes.edu.ec\/blog-f-ilia\/wp-content\/uploads\/sites\/22\/2021\/11\/Imagen-1-3.jpeg","featured_image_src_square":"https:\/\/ilia.uartes.edu.ec\/blog-f-ilia\/wp-content\/uploads\/sites\/22\/2021\/11\/Imagen-1-3.jpeg","author_info":{"display_name":"Fernando Montenegro","author_link":"https:\/\/ilia.uartes.edu.ec\/blog-f-ilia\/author\/fmontenegro\/"},"distributor_meta":false,"distributor_terms":false,"distributor_media":false,"distributor_original_site_name":"Blog F-ILIA","distributor_original_site_url":"https:\/\/ilia.uartes.edu.ec\/blog-f-ilia","push-errors":false,"_links":{"self":[{"href":"https:\/\/ilia.uartes.edu.ec\/blog-f-ilia\/wp-json\/wp\/v2\/posts\/108","targetHints":{"allow":["GET"]}}],"collection":[{"href":"https:\/\/ilia.uartes.edu.ec\/blog-f-ilia\/wp-json\/wp\/v2\/posts"}],"about":[{"href":"https:\/\/ilia.uartes.edu.ec\/blog-f-ilia\/wp-json\/wp\/v2\/types\/post"}],"author":[{"embeddable":true,"href":"https:\/\/ilia.uartes.edu.ec\/blog-f-ilia\/wp-json\/wp\/v2\/users\/34"}],"replies":[{"embeddable":true,"href":"https:\/\/ilia.uartes.edu.ec\/blog-f-ilia\/wp-json\/wp\/v2\/comments?post=108"}],"version-history":[{"count":3,"href":"https:\/\/ilia.uartes.edu.ec\/blog-f-ilia\/wp-json\/wp\/v2\/posts\/108\/revisions"}],"predecessor-version":[{"id":172,"href":"https:\/\/ilia.uartes.edu.ec\/blog-f-ilia\/wp-json\/wp\/v2\/posts\/108\/revisions\/172"}],"wp:featuredmedia":[{"embeddable":true,"href":"https:\/\/ilia.uartes.edu.ec\/blog-f-ilia\/wp-json\/wp\/v2\/media\/109"}],"wp:attachment":[{"href":"https:\/\/ilia.uartes.edu.ec\/blog-f-ilia\/wp-json\/wp\/v2\/media?parent=108"}],"wp:term":[{"taxonomy":"category","embeddable":true,"href":"https:\/\/ilia.uartes.edu.ec\/blog-f-ilia\/wp-json\/wp\/v2\/categories?post=108"},{"taxonomy":"post_tag","embeddable":true,"href":"https:\/\/ilia.uartes.edu.ec\/blog-f-ilia\/wp-json\/wp\/v2\/tags?post=108"}],"curies":[{"name":"wp","href":"https:\/\/api.w.org\/{rel}","templated":true}]}}